{"id":452,"count":1,"description":"","link":"https:\/\/marceloj.com\/b\/tag\/intuicao-e-lideranca\/","name":"intui\u00e7\u00e3o e lideran\u00e7a","slug":"intuicao-e-lideranca","taxonomy":"post_tag","meta":[],"_links":{"self":[{"href":"https:\/\/marceloj.com\/b\/wp-json\/wp\/v2\/tags\/452","targetHints":{"allow":["GET"]}}],"collection":[{"href":"https:\/\/marceloj.com\/b\/wp-json\/wp\/v2\/tags"}],"about":[{"href":"https:\/\/marceloj.com\/b\/wp-json\/wp\/v2\/taxonomies\/post_tag"}],"wp:post_type":[{"href":"https:\/\/marceloj.com\/b\/wp-json\/wp\/v2\/posts?tags=452"}],"curies":[{"name":"wp","href":"https:\/\/api.w.org\/{rel}","templated":true}]}}