{"id":826,"date":"2019-02-20T08:33:28","date_gmt":"2019-02-20T11:33:28","guid":{"rendered":"https:\/\/marceloj.com\/b\/?p=826"},"modified":"2020-11-03T10:43:01","modified_gmt":"2020-11-03T13:43:01","slug":"como-falar-em-publico-com-o-prof-isaias-nascimento","status":"publish","type":"post","link":"https:\/\/marceloj.com\/b\/como-falar-em-publico-com-o-prof-isaias-nascimento\/","title":{"rendered":"Como falar em p\u00fablico com o Prof Isa\u00edas Nascimento"},"content":{"rendered":"\r\n<p>Falar em p\u00fablico \u00e9 o maior medo para muitas pessoas. Mas eu quero te mostrar que pode ser muito f\u00e1cil, se voc\u00ea entender isso aqui que o Isa\u00edas tem para te ensinar.<\/p>\r\n\r\n\r\n\r\n<p>Esta apresenta\u00e7\u00e3o foi realizada durante o encontro de Fevereiro do Clube do Infoprodutor, onde eu convido meus melhores alunos do treinamento para expor o seu trabalho<\/p>\r\n\r\n\r\n\r\n<p>Veja este v\u00eddeo tamb\u00e9m no YouTube<\/p>\r\n\r\n\r\n\r\n<p><iframe loading=\"lazy\" src=\"https:\/\/www.youtube.com\/embed\/sdF9nme3jfQ\" width=\"560\" height=\"315\" frameborder=\"0\" allowfullscreen=\"allowfullscreen\"><\/iframe><\/p>\r\n<div class=\"powerpress_player\" id=\"powerpress_player_4104\"><a href=\"https:\/\/media.blubrry.com\/marceloj\/marceloj.com\/podcasts\/o-novo-mindset\/E041-clube-do-infoprodutor-isaias-nascimento.mp3\" title=\"Play\" onclick=\"return powerpress_embed_html5a('4104','https:\/\/media.blubrry.com\/marceloj\/marceloj.com\/podcasts\/o-novo-mindset\/E041-clube-do-infoprodutor-isaias-nascimento.mp3');\" target=\"_blank\"><img decoding=\"async\" src=\"https:\/\/marceloj.com\/b\/wp-content\/uploads\/powerpress\/play-button-marceloj.jpg\" title=\"Play\" alt=\"Play\" style=\"border:0;\" \/><\/a><\/div>\n<p class=\"powerpress_links powerpress_links_mp3\" style=\"margin-bottom: 1px !important;\">Podcast: <a href=\"https:\/\/media.blubrry.com\/marceloj\/marceloj.com\/podcasts\/o-novo-mindset\/E041-clube-do-infoprodutor-isaias-nascimento.mp3\" class=\"powerpress_link_pinw\" target=\"_blank\" title=\"Play in new window\" onclick=\"return powerpress_pinw('https:\/\/marceloj.com\/b\/?powerpress_pinw=826-podcast');\" rel=\"nofollow\">Play in new window<\/a> | <a href=\"https:\/\/media.blubrry.com\/marceloj\/marceloj.com\/podcasts\/o-novo-mindset\/E041-clube-do-infoprodutor-isaias-nascimento.mp3\" class=\"powerpress_link_d\" title=\"Download\" rel=\"nofollow\" download=\"E041-clube-do-infoprodutor-isaias-nascimento.mp3\">Download<\/a><\/p><p class=\"powerpress_links powerpress_subscribe_links\">Subscribe: <a href=\"https:\/\/marceloj.com\/b\/feed\/podcast\/\" class=\"powerpress_link_subscribe powerpress_link_subscribe_rss\" target=\"_blank\" title=\"Subscribe via RSS\" rel=\"nofollow\">RSS<\/a> | <a href=\"https:\/\/marceloj.com\/b\/assine-o-podcast\/\" class=\"powerpress_link_subscribe powerpress_link_subscribe_more\" target=\"_blank\" title=\"Assine o Podcast\" rel=\"nofollow\">Assine o Podcast<\/a><\/p><!--powerpress_player-->","protected":false},"excerpt":{"rendered":"<p>Falar em p\u00fablico \u00e9 o maior medo para muitas pessoas. Mas eu quero te mostrar que pode ser muito f\u00e1cil, se voc\u00ea entender isso aqui que o Isa\u00edas tem para te ensinar. Esta apresenta\u00e7\u00e3o foi realizada durante o encontro de Fevereiro do Clube do Infoprodutor, onde eu convido meus melhores alunos do treinamento para expor o seu trabalho Veja este [&hellip;]<\/p>\n<div class=\"powerpress_player\" id=\"powerpress_player_4106\"><a href=\"https:\/\/media.blubrry.com\/marceloj\/marceloj.com\/podcasts\/o-novo-mindset\/E041-clube-do-infoprodutor-isaias-nascimento.mp3\" title=\"Play\" onclick=\"return powerpress_embed_html5a('4106','https:\/\/media.blubrry.com\/marceloj\/marceloj.com\/podcasts\/o-novo-mindset\/E041-clube-do-infoprodutor-isaias-nascimento.mp3');\" target=\"_blank\"><img decoding=\"async\" src=\"https:\/\/marceloj.com\/b\/wp-content\/uploads\/powerpress\/play-button-marceloj.jpg\" title=\"Play\" alt=\"Play\" style=\"border:0;\" \/><\/a><\/div>\n<p class=\"powerpress_links powerpress_links_mp3\" style=\"margin-bottom: 1px !important;\">Podcast: <a href=\"https:\/\/media.blubrry.com\/marceloj\/marceloj.com\/podcasts\/o-novo-mindset\/E041-clube-do-infoprodutor-isaias-nascimento.mp3\" class=\"powerpress_link_pinw\" target=\"_blank\" title=\"Play in new window\" onclick=\"return powerpress_pinw('https:\/\/marceloj.com\/b\/?powerpress_pinw=826-podcast');\" rel=\"nofollow\">Play in new window<\/a> | <a href=\"https:\/\/media.blubrry.com\/marceloj\/marceloj.com\/podcasts\/o-novo-mindset\/E041-clube-do-infoprodutor-isaias-nascimento.mp3\" class=\"powerpress_link_d\" title=\"Download\" rel=\"nofollow\" download=\"E041-clube-do-infoprodutor-isaias-nascimento.mp3\">Download<\/a><\/p><p class=\"powerpress_links powerpress_subscribe_links\">Subscribe: <a href=\"https:\/\/marceloj.com\/b\/feed\/podcast\/\" class=\"powerpress_link_subscribe powerpress_link_subscribe_rss\" target=\"_blank\" title=\"Subscribe via RSS\" rel=\"nofollow\">RSS<\/a> | <a href=\"https:\/\/marceloj.com\/b\/assine-o-podcast\/\" class=\"powerpress_link_subscribe powerpress_link_subscribe_more\" target=\"_blank\" title=\"Assine o Podcast\" rel=\"nofollow\">Assine o Podcast<\/a><\/p><!--powerpress_player-->","protected":false},"author":1,"featured_media":714,"comment_status":"closed","ping_status":"closed","sticky":false,"template":"","format":"standard","meta":{"footnotes":""},"categories":[39,42],"tags":[],"class_list":["post-826","post","type-post","status-publish","format-standard","has-post-thumbnail","hentry","category-podcasts","category-trabalho"],"jetpack_featured_media_url":"https:\/\/marceloj.com\/b\/wp-content\/uploads\/2018\/11\/CapaSitePodcast_G.png","_links":{"self":[{"href":"https:\/\/marceloj.com\/b\/wp-json\/wp\/v2\/posts\/826","targetHints":{"allow":["GET"]}}],"collection":[{"href":"https:\/\/marceloj.com\/b\/wp-json\/wp\/v2\/posts"}],"about":[{"href":"https:\/\/marceloj.com\/b\/wp-json\/wp\/v2\/types\/post"}],"author":[{"embeddable":true,"href":"https:\/\/marceloj.com\/b\/wp-json\/wp\/v2\/users\/1"}],"replies":[{"embeddable":true,"href":"https:\/\/marceloj.com\/b\/wp-json\/wp\/v2\/comments?post=826"}],"version-history":[{"count":2,"href":"https:\/\/marceloj.com\/b\/wp-json\/wp\/v2\/posts\/826\/revisions"}],"predecessor-version":[{"id":1336,"href":"https:\/\/marceloj.com\/b\/wp-json\/wp\/v2\/posts\/826\/revisions\/1336"}],"wp:featuredmedia":[{"embeddable":true,"href":"https:\/\/marceloj.com\/b\/wp-json\/wp\/v2\/media\/714"}],"wp:attachment":[{"href":"https:\/\/marceloj.com\/b\/wp-json\/wp\/v2\/media?parent=826"}],"wp:term":[{"taxonomy":"category","embeddable":true,"href":"https:\/\/marceloj.com\/b\/wp-json\/wp\/v2\/categories?post=826"},{"taxonomy":"post_tag","embeddable":true,"href":"https:\/\/marceloj.com\/b\/wp-json\/wp\/v2\/tags?post=826"}],"curies":[{"name":"wp","href":"https:\/\/api.w.org\/{rel}","templated":true}]}}