{"id":702,"date":"2018-10-08T07:01:04","date_gmt":"2018-10-08T10:01:04","guid":{"rendered":"https:\/\/marceloj.com\/b\/?p=702"},"modified":"2020-11-03T11:14:49","modified_gmt":"2020-11-03T14:14:49","slug":"quem-tem-medo-de-revelar-o-preco-021","status":"publish","type":"post","link":"https:\/\/marceloj.com\/b\/quem-tem-medo-de-revelar-o-preco-021\/","title":{"rendered":"Quem tem medo de revelar o pre\u00e7o? #021"},"content":{"rendered":"<p>Quanto custa? &#8220;Me chama Imbox&#8230;.&#8221; Parece um tabu ou algo a ser escondido. \u00c9 alguma coisa para se ter vergonha ou \u00e9 inseguran\u00e7a.\u00a0Este prodcast \u00e9 para quem tem medo de revelar o pre\u00e7o. Me siga no Twitter <a href=\"https:\/\/twitter.com\/marceloj\">@marceloj<\/a><\/p>\n<div class=\"powerpress_player\" id=\"powerpress_player_6547\"><a href=\"https:\/\/media.blubrry.com\/marceloj\/marceloj.com\/podcasts\/o-novo-mindset\/E021-quem_tem_medo_de_revelar_o_preco.mp3\" title=\"Play\" onclick=\"return powerpress_embed_html5a('6547','https:\/\/media.blubrry.com\/marceloj\/marceloj.com\/podcasts\/o-novo-mindset\/E021-quem_tem_medo_de_revelar_o_preco.mp3');\" target=\"_blank\"><img decoding=\"async\" src=\"https:\/\/marceloj.com\/b\/wp-content\/uploads\/powerpress\/play-button-marceloj.jpg\" title=\"Play\" alt=\"Play\" style=\"border:0;\" \/><\/a><\/div>\n<p class=\"powerpress_links powerpress_links_mp3\" style=\"margin-bottom: 1px !important;\">Podcast: <a href=\"https:\/\/media.blubrry.com\/marceloj\/marceloj.com\/podcasts\/o-novo-mindset\/E021-quem_tem_medo_de_revelar_o_preco.mp3\" class=\"powerpress_link_pinw\" target=\"_blank\" title=\"Play in new window\" onclick=\"return powerpress_pinw('https:\/\/marceloj.com\/b\/?powerpress_pinw=702-podcast');\" rel=\"nofollow\">Play in new window<\/a> | <a href=\"https:\/\/media.blubrry.com\/marceloj\/marceloj.com\/podcasts\/o-novo-mindset\/E021-quem_tem_medo_de_revelar_o_preco.mp3\" class=\"powerpress_link_d\" title=\"Download\" rel=\"nofollow\" download=\"E021-quem_tem_medo_de_revelar_o_preco.mp3\">Download<\/a><\/p><p class=\"powerpress_links powerpress_subscribe_links\">Subscribe: <a href=\"https:\/\/marceloj.com\/b\/feed\/podcast\/\" class=\"powerpress_link_subscribe powerpress_link_subscribe_rss\" target=\"_blank\" title=\"Subscribe via RSS\" rel=\"nofollow\">RSS<\/a> | <a href=\"https:\/\/marceloj.com\/b\/assine-o-podcast\/\" class=\"powerpress_link_subscribe powerpress_link_subscribe_more\" target=\"_blank\" title=\"Assine o Podcast\" rel=\"nofollow\">Assine o Podcast<\/a><\/p><!--powerpress_player-->","protected":false},"excerpt":{"rendered":"<p>Quanto custa? &#8220;Me chama Imbox&#8230;.&#8221; Parece um tabu ou algo a ser escondido. \u00c9 alguma coisa para se ter vergonha ou \u00e9 inseguran\u00e7a.\u00a0Este prodcast \u00e9 para quem tem medo de revelar o pre\u00e7o. Me siga no Twitter @marceloj Podcast: Play in new window | DownloadSubscribe: RSS | Assine o Podcast<\/p>\n<div class=\"powerpress_player\" id=\"powerpress_player_6549\"><a href=\"https:\/\/media.blubrry.com\/marceloj\/marceloj.com\/podcasts\/o-novo-mindset\/E021-quem_tem_medo_de_revelar_o_preco.mp3\" title=\"Play\" onclick=\"return powerpress_embed_html5a('6549','https:\/\/media.blubrry.com\/marceloj\/marceloj.com\/podcasts\/o-novo-mindset\/E021-quem_tem_medo_de_revelar_o_preco.mp3');\" target=\"_blank\"><img decoding=\"async\" src=\"https:\/\/marceloj.com\/b\/wp-content\/uploads\/powerpress\/play-button-marceloj.jpg\" title=\"Play\" alt=\"Play\" style=\"border:0;\" \/><\/a><\/div>\n<p class=\"powerpress_links powerpress_links_mp3\" style=\"margin-bottom: 1px !important;\">Podcast: <a href=\"https:\/\/media.blubrry.com\/marceloj\/marceloj.com\/podcasts\/o-novo-mindset\/E021-quem_tem_medo_de_revelar_o_preco.mp3\" class=\"powerpress_link_pinw\" target=\"_blank\" title=\"Play in new window\" onclick=\"return powerpress_pinw('https:\/\/marceloj.com\/b\/?powerpress_pinw=702-podcast');\" rel=\"nofollow\">Play in new window<\/a> | <a href=\"https:\/\/media.blubrry.com\/marceloj\/marceloj.com\/podcasts\/o-novo-mindset\/E021-quem_tem_medo_de_revelar_o_preco.mp3\" class=\"powerpress_link_d\" title=\"Download\" rel=\"nofollow\" download=\"E021-quem_tem_medo_de_revelar_o_preco.mp3\">Download<\/a><\/p><p class=\"powerpress_links powerpress_subscribe_links\">Subscribe: <a href=\"https:\/\/marceloj.com\/b\/feed\/podcast\/\" class=\"powerpress_link_subscribe powerpress_link_subscribe_rss\" target=\"_blank\" title=\"Subscribe via RSS\" rel=\"nofollow\">RSS<\/a> | <a href=\"https:\/\/marceloj.com\/b\/assine-o-podcast\/\" class=\"powerpress_link_subscribe powerpress_link_subscribe_more\" target=\"_blank\" title=\"Assine o Podcast\" rel=\"nofollow\">Assine o Podcast<\/a><\/p><!--powerpress_player-->","protected":false},"author":1,"featured_media":703,"comment_status":"closed","ping_status":"closed","sticky":false,"template":"","format":"standard","meta":{"footnotes":""},"categories":[41,39,42],"tags":[],"class_list":["post-702","post","type-post","status-publish","format-standard","has-post-thumbnail","hentry","category-dinheiro","category-podcasts","category-trabalho"],"jetpack_featured_media_url":"https:\/\/marceloj.com\/b\/wp-content\/uploads\/2018\/10\/QuantoCusta-Por_que_ter_medo_de_revelar_o_preco.png","_links":{"self":[{"href":"https:\/\/marceloj.com\/b\/wp-json\/wp\/v2\/posts\/702","targetHints":{"allow":["GET"]}}],"collection":[{"href":"https:\/\/marceloj.com\/b\/wp-json\/wp\/v2\/posts"}],"about":[{"href":"https:\/\/marceloj.com\/b\/wp-json\/wp\/v2\/types\/post"}],"author":[{"embeddable":true,"href":"https:\/\/marceloj.com\/b\/wp-json\/wp\/v2\/users\/1"}],"replies":[{"embeddable":true,"href":"https:\/\/marceloj.com\/b\/wp-json\/wp\/v2\/comments?post=702"}],"version-history":[{"count":1,"href":"https:\/\/marceloj.com\/b\/wp-json\/wp\/v2\/posts\/702\/revisions"}],"predecessor-version":[{"id":704,"href":"https:\/\/marceloj.com\/b\/wp-json\/wp\/v2\/posts\/702\/revisions\/704"}],"wp:featuredmedia":[{"embeddable":true,"href":"https:\/\/marceloj.com\/b\/wp-json\/wp\/v2\/media\/703"}],"wp:attachment":[{"href":"https:\/\/marceloj.com\/b\/wp-json\/wp\/v2\/media?parent=702"}],"wp:term":[{"taxonomy":"category","embeddable":true,"href":"https:\/\/marceloj.com\/b\/wp-json\/wp\/v2\/categories?post=702"},{"taxonomy":"post_tag","embeddable":true,"href":"https:\/\/marceloj.com\/b\/wp-json\/wp\/v2\/tags?post=702"}],"curies":[{"name":"wp","href":"https:\/\/api.w.org\/{rel}","templated":true}]}}