{"id":2829,"date":"2026-09-04T17:46:42","date_gmt":"2026-09-04T20:46:42","guid":{"rendered":"https:\/\/marceloj.com\/b\/?p=2829"},"modified":"2026-09-04T17:46:42","modified_gmt":"2026-09-04T20:46:42","slug":"por-que-a-inteligencia-emocional-e-sua-maior-aliada-na-era-da-inteligencia-artificial","status":"publish","type":"post","link":"https:\/\/marceloj.com\/b\/por-que-a-inteligencia-emocional-e-sua-maior-aliada-na-era-da-inteligencia-artificial\/","title":{"rendered":"Por que a Intelig\u00eancia Emocional \u00e9 sua maior aliada na era da Intelig\u00eancia Artificial"},"content":{"rendered":"<p><audio src=\"https:\/\/marceloj.com\/podcasts\/o-novo-mindset\/ONMS-093-S3E27-Inteligencia-emocional-e-inteligencia-artificial.mp3\" preload=\"metadata\" controls=\"controls\"><span data-mce-type=\"bookmark\" style=\"display: inline-block; width: 0px; overflow: hidden; line-height: 0;\" class=\"mce_SELRES_start\">\ufeff<\/span><a href=\"https:\/\/marceloj.com\/podcasts\/o-novo-mindset\/ONMS-093-S3E27-Inteligencia-emocional-e-inteligencia-artificial.mp3\">Ouvir o episodio<\/a><\/audio><\/p>\r\n\r\n<p class=\"wp-block-paragraph\">A ascens\u00e3o da Intelig\u00eancia Artificial est\u00e1 transformando o mercado de trabalho, mas o que realmente definir\u00e1 seu sucesso profissional n\u00e3o \u00e9 uma habilidade t\u00e9cnica. A Intelig\u00eancia Emocional se tornou a compet\u00eancia mais valiosa, capaz de transformar o medo da automa\u00e7\u00e3o em uma oportunidade de crescimento. Entenda como a gest\u00e3o das suas emo\u00e7\u00f5es e a capacidade de se conectar com pessoas s\u00e3o o seu maior trunfo para prosperar na nova era digital. Ou\u00e7a agora e descubra como se preparar.<\/p>\r\n\r\n\r\n\r\n<h3 class=\"wp-block-heading\">Cap\u00edtulos<\/h3>\r\n\r\n\r\n\r\n<ul class=\"wp-block-list\">O que \u00e9 Intelig\u00eancia Emocional e por que ela \u00e9 crucial hoje\r\n\r\nO medo de perder o emprego para a Intelig\u00eancia Artificial\r\n\r\nComo se adaptar e usar a IA a seu favor no trabalho<\/ul>\r\n\r\n\r\n\r\n<h2 class=\"wp-block-heading\">A Gest\u00e3o das Emo\u00e7\u00f5es como Diferencial Competitivo<\/h2>\r\n\r\n\r\n\r\n<p class=\"wp-block-paragraph\">Em um mundo onde a produtividade e a automa\u00e7\u00e3o dominam as discuss\u00f5es sobre o futuro, um fator humano se destaca como essencial. A falta de habilidades interpessoais, como comunica\u00e7\u00e3o, empatia e adaptabilidade, gera perdas bilion\u00e1rias para as empresas anualmente. O problema n\u00e3o \u00e9 t\u00e9cnico, mas sim emocional. A Intelig\u00eancia Emocional n\u00e3o significa deixar de sentir raiva, medo ou alegria, mas sim saber gerenciar o que voc\u00ea faz com essas emo\u00e7\u00f5es. \u00c9 a capacidade de pensar racionalmente ap\u00f3s o impacto emocional inicial, controlando suas rea\u00e7\u00f5es e tomando decis\u00f5es mais conscientes e estrat\u00e9gicas, tanto na vida pessoal quanto profissional.<\/p>\r\n\r\n\r\n\r\n<h2 class=\"wp-block-heading\">Intelig\u00eancia Artificial e o Futuro do seu Emprego<\/h2>\r\n\r\n\r\n\r\n<p class=\"wp-block-paragraph\">O medo de ser substitu\u00eddo por m\u00e1quinas e algoritmos \u00e9 real e, em muitos casos, justificado. Muitas tarefas, especialmente as bra\u00e7ais e repetitivas, ser\u00e3o automatizadas. A verdade \u00e9 que muitos empregos como os conhecemos hoje deixar\u00e3o de existir. Contudo, assim como na revolu\u00e7\u00e3o industrial e na informatiza\u00e7\u00e3o, novas profiss\u00f5es surgir\u00e3o. A chave para n\u00e3o ficar para tr\u00e1s \u00e9 a adapta\u00e7\u00e3o. Profiss\u00f5es como a de &#8220;Engenheiro de IA&#8221; j\u00e1 s\u00e3o uma realidade, exigindo novas habilidades para criar e gerenciar os sistemas que automatizam processos. A tecnologia, ao inv\u00e9s de ser uma amea\u00e7a, pode se tornar uma aliada para focar em atividades mais estrat\u00e9gicas e humanas.<\/p>\r\n\r\n\r\n\r\n<h2 class=\"wp-block-heading\">Usando a Tecnologia para Desenvolver Habilidades Humanas<\/h2>\r\n\r\n\r\n\r\n<p class=\"wp-block-paragraph\">A Intelig\u00eancia Artificial pode, paradoxalmente, nos ajudar a sermos mais humanos. Ferramentas de IA j\u00e1 s\u00e3o utilizadas para aprimorar a comunica\u00e7\u00e3o, como ao reescrever um e-mail r\u00edspido para um tom mais brando e profissional. Isso demonstra como a tecnologia pode ser um suporte para desenvolver a Intelig\u00eancia Emocional. Com a IA cuidando de tarefas operacionais, sobra mais tempo para o que realmente importa nas empresas, as rela\u00e7\u00f5es humanas, a criatividade e o pensamento estrat\u00e9gico. O desafio \u00e9 usar esse tempo extra para desenvolver soft skills, fortalecer a comunica\u00e7\u00e3o e construir conex\u00f5es genu\u00ednas, transformando o ambiente de trabalho e garantindo sua relev\u00e2ncia no futuro.<\/p>\r\n<div class=\"powerpress_player\" id=\"powerpress_player_9573\"><a href=\"https:\/\/media.blubrry.com\/marceloj\/marceloj.com\/podcasts\/o-novo-mindset\/ONMS-093-S3E27-Inteligencia-emocional-e-inteligencia-artificial.mp3\" title=\"Play\" onclick=\"return powerpress_embed_html5a('9573','https:\/\/media.blubrry.com\/marceloj\/marceloj.com\/podcasts\/o-novo-mindset\/ONMS-093-S3E27-Inteligencia-emocional-e-inteligencia-artificial.mp3');\" target=\"_blank\"><img decoding=\"async\" src=\"https:\/\/marceloj.com\/b\/wp-content\/uploads\/powerpress\/play-button-marceloj.jpg\" title=\"Play\" alt=\"Play\" style=\"border:0;\" \/><\/a><\/div>\n<p class=\"powerpress_links powerpress_links_mp3\" style=\"margin-bottom: 1px !important;\">Podcast: <a href=\"https:\/\/media.blubrry.com\/marceloj\/marceloj.com\/podcasts\/o-novo-mindset\/ONMS-093-S3E27-Inteligencia-emocional-e-inteligencia-artificial.mp3\" class=\"powerpress_link_pinw\" target=\"_blank\" title=\"Play in new window\" onclick=\"return powerpress_pinw('https:\/\/marceloj.com\/b\/?powerpress_pinw=2829-podcast');\" rel=\"nofollow\">Play in new window<\/a> | <a href=\"https:\/\/media.blubrry.com\/marceloj\/marceloj.com\/podcasts\/o-novo-mindset\/ONMS-093-S3E27-Inteligencia-emocional-e-inteligencia-artificial.mp3\" class=\"powerpress_link_d\" title=\"Download\" rel=\"nofollow\" download=\"ONMS-093-S3E27-Inteligencia-emocional-e-inteligencia-artificial.mp3\">Download<\/a><\/p><p class=\"powerpress_links powerpress_subscribe_links\">Subscribe: <a href=\"https:\/\/marceloj.com\/b\/feed\/podcast\/\" class=\"powerpress_link_subscribe powerpress_link_subscribe_rss\" target=\"_blank\" title=\"Subscribe via RSS\" rel=\"nofollow\">RSS<\/a> | <a href=\"https:\/\/marceloj.com\/b\/assine-o-podcast\/\" class=\"powerpress_link_subscribe powerpress_link_subscribe_more\" target=\"_blank\" title=\"Assine o Podcast\" rel=\"nofollow\">Assine o Podcast<\/a><\/p><!--powerpress_player-->","protected":false},"excerpt":{"rendered":"<p>Na era da Intelig\u00eancia Artificial, onde a automa\u00e7\u00e3o de tarefas \u00e9 uma realidade, a Intelig\u00eancia Emocional surge como o grande diferencial humano no ambiente de trabalho. Descubra como a gest\u00e3o das suas emo\u00e7\u00f5es, a comunica\u00e7\u00e3o eficaz e a adaptabilidade s\u00e3o as chaves para transformar o medo de perder o emprego em seguran\u00e7a profissional. Entenda o verdadeiro papel das habilidades interpessoais e como desenvolv\u00ea-las para se manter relevante e prosperar em um mercado em constante transforma\u00e7\u00e3o tecnol\u00f3gica.<\/p>\n<div class=\"powerpress_player\" id=\"powerpress_player_9574\"><a href=\"https:\/\/media.blubrry.com\/marceloj\/marceloj.com\/podcasts\/o-novo-mindset\/ONMS-093-S3E27-Inteligencia-emocional-e-inteligencia-artificial.mp3\" title=\"Play\" onclick=\"return powerpress_embed_html5a('9574','https:\/\/media.blubrry.com\/marceloj\/marceloj.com\/podcasts\/o-novo-mindset\/ONMS-093-S3E27-Inteligencia-emocional-e-inteligencia-artificial.mp3');\" target=\"_blank\"><img decoding=\"async\" src=\"https:\/\/marceloj.com\/b\/wp-content\/uploads\/powerpress\/play-button-marceloj.jpg\" title=\"Play\" alt=\"Play\" style=\"border:0;\" \/><\/a><\/div>\n<p class=\"powerpress_links powerpress_links_mp3\" style=\"margin-bottom: 1px !important;\">Podcast: <a href=\"https:\/\/media.blubrry.com\/marceloj\/marceloj.com\/podcasts\/o-novo-mindset\/ONMS-093-S3E27-Inteligencia-emocional-e-inteligencia-artificial.mp3\" class=\"powerpress_link_pinw\" target=\"_blank\" title=\"Play in new window\" onclick=\"return powerpress_pinw('https:\/\/marceloj.com\/b\/?powerpress_pinw=2829-podcast');\" rel=\"nofollow\">Play in new window<\/a> | <a href=\"https:\/\/media.blubrry.com\/marceloj\/marceloj.com\/podcasts\/o-novo-mindset\/ONMS-093-S3E27-Inteligencia-emocional-e-inteligencia-artificial.mp3\" class=\"powerpress_link_d\" title=\"Download\" rel=\"nofollow\" download=\"ONMS-093-S3E27-Inteligencia-emocional-e-inteligencia-artificial.mp3\">Download<\/a><\/p><p class=\"powerpress_links powerpress_subscribe_links\">Subscribe: <a href=\"https:\/\/marceloj.com\/b\/feed\/podcast\/\" class=\"powerpress_link_subscribe powerpress_link_subscribe_rss\" target=\"_blank\" title=\"Subscribe via RSS\" rel=\"nofollow\">RSS<\/a> | <a href=\"https:\/\/marceloj.com\/b\/assine-o-podcast\/\" class=\"powerpress_link_subscribe powerpress_link_subscribe_more\" target=\"_blank\" title=\"Assine o Podcast\" rel=\"nofollow\">Assine o Podcast<\/a><\/p><!--powerpress_player-->","protected":false},"author":1,"featured_media":2831,"comment_status":"closed","ping_status":"closed","sticky":false,"template":"","format":"standard","meta":{"footnotes":""},"categories":[704,51,39],"tags":[2425,1595,114,239,1592,700,846,255,144,55,1138],"class_list":["post-2829","post","type-post","status-publish","format-standard","has-post-thumbnail","hentry","category-desenvolvimento-pessoal","category-estresse-no-trabalho","category-podcasts","tag-adaptacao-profissional","tag-automacao","tag-carreira","tag-desenvolvimento-pessoal","tag-futuro-do-trabalho","tag-gestao-de-emocoes","tag-inteligencia-artificial","tag-inteligencia-emocional","tag-mercado-de-trabalho","tag-mindset","tag-soft-skills"],"jetpack_featured_media_url":"https:\/\/marceloj.com\/b\/wp-content\/uploads\/2026\/09\/inteligencia-emocial-e-inteligencia-artificial-no-mundo-moderno.jpg","_links":{"self":[{"href":"https:\/\/marceloj.com\/b\/wp-json\/wp\/v2\/posts\/2829","targetHints":{"allow":["GET"]}}],"collection":[{"href":"https:\/\/marceloj.com\/b\/wp-json\/wp\/v2\/posts"}],"about":[{"href":"https:\/\/marceloj.com\/b\/wp-json\/wp\/v2\/types\/post"}],"author":[{"embeddable":true,"href":"https:\/\/marceloj.com\/b\/wp-json\/wp\/v2\/users\/1"}],"replies":[{"embeddable":true,"href":"https:\/\/marceloj.com\/b\/wp-json\/wp\/v2\/comments?post=2829"}],"version-history":[{"count":2,"href":"https:\/\/marceloj.com\/b\/wp-json\/wp\/v2\/posts\/2829\/revisions"}],"predecessor-version":[{"id":2832,"href":"https:\/\/marceloj.com\/b\/wp-json\/wp\/v2\/posts\/2829\/revisions\/2832"}],"wp:featuredmedia":[{"embeddable":true,"href":"https:\/\/marceloj.com\/b\/wp-json\/wp\/v2\/media\/2831"}],"wp:attachment":[{"href":"https:\/\/marceloj.com\/b\/wp-json\/wp\/v2\/media?parent=2829"}],"wp:term":[{"taxonomy":"category","embeddable":true,"href":"https:\/\/marceloj.com\/b\/wp-json\/wp\/v2\/categories?post=2829"},{"taxonomy":"post_tag","embeddable":true,"href":"https:\/\/marceloj.com\/b\/wp-json\/wp\/v2\/tags?post=2829"}],"curies":[{"name":"wp","href":"https:\/\/api.w.org\/{rel}","templated":true}]}}