{"id":2504,"date":"2025-12-15T11:08:01","date_gmt":"2025-12-15T14:08:01","guid":{"rendered":"https:\/\/marceloj.com\/b\/?p=2504"},"modified":"2025-12-15T11:08:01","modified_gmt":"2025-12-15T14:08:01","slug":"o-que-significa-sapere-aude-a-frase-latina-que-inspirou-o-iluminismo-e-ainda-e-atual-em-2025","status":"publish","type":"post","link":"https:\/\/marceloj.com\/b\/o-que-significa-sapere-aude-a-frase-latina-que-inspirou-o-iluminismo-e-ainda-e-atual-em-2025\/","title":{"rendered":"O que significa \u201cSapere Aude\u201d, a frase latina que inspirou o Iluminismo e ainda \u00e9 atual em 2025"},"content":{"rendered":"<p><strong>No meio da correria e das decis\u00f5es cotidianas, voc\u00ea j\u00e1 se perguntou o que realmente significa pensar por conta pr\u00f3pria?<\/strong> &#8220;Sapere Aude&#8221;, ou &#8220;ouse saber&#8221;, n\u00e3o \u00e9 apenas um eco perdido do Iluminismo. \u00c9 uma bandeira erguida contra a mar\u00e9 de informa\u00e7\u00f5es superficiais e a conformidade que permeia a sociedade atual. Em um tempo em que tudo que precisamos parece estar a um clique de dist\u00e2ncia, ousar questionar e buscar o verdadeiro <strong>saber<\/strong> nos desafia a encarar o mundo de frente e com olhos cr\u00edticos. Kant nos ensinou que assumir a independ\u00eancia do esp\u00edrito humano \u00e9 fundamental. Ent\u00e3o, como podemos aplicar essa ideia transformadora em 2025?<\/p>\n<h3>Resumo do Artigo<\/h3>\n<ul>\n<li><strong>O que \u00e9 &#8220;Sapere Aude&#8221; e como influenciou o Iluminismo?<\/strong><br \/>\nExpress\u00e3o que instigava a emancipa\u00e7\u00e3o do pensamento durante o Iluminismo, defendida por Kant.<\/li>\n<li><strong>Como podemos aplicar &#8220;Sapere Aude&#8221; diariamente?<\/strong><br \/>\nDesenvolvendo o <a href=\"https:\/\/marceloj.com\/b\/a-era-da-dependencia-cognitiva-como-a-inteligencia-artificial-esta-transformando-nosso-aprendizado\/\">pensamento cr\u00edtico<\/a> atrav\u00e9s de questionamentos constantes e leitura ativa.<\/li>\n<li><strong>Por que o &#8220;ousar saber&#8221; continua vital hoje?<\/strong><br \/>\nRepresenta resist\u00eancia contra a aceita\u00e7\u00e3o passiva e superficialidade em tempos digitais.<\/li>\n<\/ul>\n<h2>O que \u00e9 &#8220;Sapere Aude&#8221; e como essa m\u00e1xima influenciou o Iluminismo?<\/h2>\n<p>A express\u00e3o latina <strong>&#8220;Sapere Aude&#8221;<\/strong> significa &#8220;ouse saber&#8221;. Essa frase ic\u00f4nica ecoa atrav\u00e9s dos s\u00e9culos, inaugurada no cora\u00e7\u00e3o do <strong>Iluminismo<\/strong>. O fil\u00f3sofo Immanuel <strong>Kant<\/strong>, pe\u00e7a-chave desse movimento, utilizou a express\u00e3o em sua obra &#8220;Resposta \u00e0 Pergunta: O que \u00e9 o Iluminismo?&#8221; de 1784. Para Kant, &#8220;Sapere Aude&#8221; representava o chamado \u00e0 emancipa\u00e7\u00e3o da humanidade da sua &#8220;menoridade autoimposta&#8221;. Traduzido grosso modo, era um convite a libertar-se das correntes da ignor\u00e2ncia e tradi\u00e7\u00e3o, assumindo o poder do racioc\u00ednio e an\u00e1lise independente.<\/p>\n<p>O Iluminismo, fervilhando entre os s\u00e9culos XVII e XVIII, pregava a <a href=\"https:\/\/marceloj.com\/b\/o-problema-de-quem-tem-sempre-razao-porque-ter-duvida-e-um-sinal-de-sabedoria\/\">raz\u00e3o<\/a> como luz guia frente \u00e0s sombras do obscurantismo. &#8220;Sapere Aude&#8221; tornou-se o lema dessa transforma\u00e7\u00e3o radical, encorajando mentes inquietas a questionar, investigar e abandonar a aceita\u00e7\u00e3o passiva. A ilumina\u00e7\u00e3o mental via conhecimento fazia fronte ao dogmatismo religioso e autoritarismo, proliferando uma era de revolu\u00e7\u00f5es e reformula\u00e7\u00f5es sociais e pol\u00edticas. Essa ousadia em indagar a verdade e desafiar o status quo teceu a modernidade, desenhando novas perspectivas de autonomia pessoal e coletiva.<\/p>\n<h2>Como podemos aplicar &#8220;Sapere Aude&#8221; em nossa vida di\u00e1ria para fortalecer nossa autonomia intelectual?<\/h2>\n<p>Aplicar &#8220;Sapere Aude&#8221; no cotidiano significa exercer a pr\u00e1tica deliberada de questionar as verdades prontas que nos cercam. \u00c9 transformar a d\u00favida em ferramenta, n\u00e3o em barreira. No dia a dia, ousar saber pode come\u00e7ar com a simples decis\u00e3o de n\u00e3o aceitar algo apenas porque o disseram. Ao inv\u00e9s de consumir passivamente informa\u00e7\u00f5es das redes sociais, reserve um tempo para investigar e refletir sobre os assuntos que despertam interesse. Questione cada fonte, procure contextos, compreenda antes de formar opini\u00e3o.<\/p>\n<p>A autonomia intelectual se fortalece atrav\u00e9s da leitura cr\u00edtica. <strong>Ler<\/strong> \u00e9 muito mais que absorver palavras; \u00e9 dialogar com o autor, testando as ideias apresentadas. Como um soci\u00f3logo da vida cotidiana, desconstrua lugares-comuns e revele as conex\u00f5es sutis que moldam nossa compreens\u00e3o do mundo. Ao adotar uma abordagem cr\u00edtica \u00e0s leituras, cada p\u00e1gina vira um portal potencial de saber, cada autor, um poss\u00edvel mentor.<\/p>\n<h2>Por que a ideia de &#8220;ousar saber&#8221; continua a ser um ato revolucion\u00e1rio e vital em 2025?<\/h2>\n<p>&#8220;Nada \u00e9 mais aterrorizante que um homem que sabe pensar por conta pr\u00f3pria.&#8221; Em 2025, essa constata\u00e7\u00e3o ainda reverbera. Enquanto a era digital promove a dispers\u00e3o de informa\u00e7\u00f5es ao clique de um bot\u00e3o, a verdadeira <strong>sabedoria<\/strong> se esconde atr\u00e1s do ru\u00eddo. Aqui, &#8220;ousar saber&#8221; desafia o conformismo do consumismo informativo superficial. \u00c9 um ato revolucion\u00e1rio persistir em desmembrar narrativas prontas, questionando autoridades e <strong>dogmas<\/strong> revestidos de verdades absolutas.<\/p>\n<p>A resist\u00eancia ao conformismo assume muitas formas atualmente. Desde os questionamentos aos padr\u00f5es de hiperconsumo e algor\u00edtmicos at\u00e9 a busca por autenticidade e significado pessoal em detrimento do materialismo rasteiro. Em nosso contexto, a afirma\u00e7\u00e3o da autonomia intelectual implica rejeitar a passividade em face da manipula\u00e7\u00e3o informacional. \u00c9 dan\u00e7ar com o inc\u00f4modo <a href=\"https:\/\/marceloj.com\/b\/como-usar-o-silencio-para-fortalecer-seu-poder-pessoal-e-equilibrio-emocional\/\">sil\u00eancio<\/a> da introspec\u00e7\u00e3o e abra\u00e7ar a inquieta\u00e7\u00e3o que acompanha o saber genu\u00edno.<\/p>\n<p>O exerc\u00edcio de &#8220;ousar saber&#8221; renova diariamente o poder transformador do pensamento humano, reavivando as chamas da curiosidade que impulsiona <strong>progresso<\/strong> e inova\u00e7\u00e3o. Essa pr\u00e1tica n\u00e3o \u00e9 apenas uma escolha pessoal, mas uma proclama\u00e7\u00e3o coletiva de independ\u00eancia intelectual, instigando uma sociedade mais s\u00e1bia e cr\u00edtica. Quando adotamos &#8220;Sapere Aude&#8221;, abrimos as portas para interpreta\u00e7\u00f5es mais diversas, engajando em di\u00e1logos que transcendem barreiras ideol\u00f3gicas e culturais.<\/p>\n<p>Ao aceitar o convite para desafiar todas as normas preestabelecidas e se expor ao vasto oceano de conhecimento al\u00e9m do horizonte vis\u00edvel, a jornada para iluminar a mente se torna uma revolu\u00e7\u00e3o di\u00e1ria. <strong>Sapere Aude<\/strong> convida-nos, portanto, a navegar com <strong>consci\u00eancia<\/strong> e ousadia, celebrando a beleza da incerteza ao iluminar caminho de um futuro desconhecido e promissor.<\/p>\n<p><em>Invista em seu pr\u00f3prio crescimento intelectual, alimente sua mente &#8220;ousando saber&#8221;. Explore os materiais no nosso portal para aprofundar seus conhecimentos em filosofia e pensamento cr\u00edtico. O Novo MindSet convida voc\u00ea a transformar sua vida, engajando-se de forma cr\u00edtica e independente! Para mais conte\u00fados emocionantes, acesse nosso Canal do YouTube <a href=\"https:\/\/www.youtube.com\/channel\/UCcMRogDtUwS8kZUzXI-ENlg\">aqui<\/a>.<\/em><\/p>\n","protected":false},"excerpt":{"rendered":"<p>&#8220;Sapere Aude&#8221;: express\u00e3o do Iluminismo que instiga autonomia e pensamento cr\u00edtico em 2025.<\/p>\n","protected":false},"author":123457,"featured_media":2503,"comment_status":"closed","ping_status":"closed","sticky":false,"template":"","format":"standard","meta":{"footnotes":""},"categories":[278,779],"tags":[1535,1058,777,1533,1528,1538,1537,1536,182,1529,439,1540,1530,1532,1534,1531,1539],"class_list":["post-2504","post","type-post","status-publish","format-standard","has-post-thumbnail","hentry","category-comportamento-humano","category-filosofia","tag-aplicacao-pratica-de-sapere-aude","tag-autonomia","tag-filosofia","tag-filosofos-e-sapere-aude","tag-iluminismo","tag-impacto-do-iluminismo-na-modernidade","tag-importancia-de-ousar-saber-hoje","tag-kant","tag-liberdade","tag-modernidade","tag-pensamento-critico","tag-razao","tag-resistencia-ao-conformismo-em-2025","tag-saber","tag-sapere-aude","tag-significado-de-sapere-aude","tag-vivencia-critica-atual"],"jetpack_featured_media_url":"https:\/\/marceloj.com\/b\/wp-content\/uploads\/2025\/12\/Sapere-Aude-Relevan.png","_links":{"self":[{"href":"https:\/\/marceloj.com\/b\/wp-json\/wp\/v2\/posts\/2504","targetHints":{"allow":["GET"]}}],"collection":[{"href":"https:\/\/marceloj.com\/b\/wp-json\/wp\/v2\/posts"}],"about":[{"href":"https:\/\/marceloj.com\/b\/wp-json\/wp\/v2\/types\/post"}],"author":[{"embeddable":true,"href":"https:\/\/marceloj.com\/b\/wp-json\/wp\/v2\/users\/123457"}],"replies":[{"embeddable":true,"href":"https:\/\/marceloj.com\/b\/wp-json\/wp\/v2\/comments?post=2504"}],"version-history":[{"count":2,"href":"https:\/\/marceloj.com\/b\/wp-json\/wp\/v2\/posts\/2504\/revisions"}],"predecessor-version":[{"id":2508,"href":"https:\/\/marceloj.com\/b\/wp-json\/wp\/v2\/posts\/2504\/revisions\/2508"}],"wp:featuredmedia":[{"embeddable":true,"href":"https:\/\/marceloj.com\/b\/wp-json\/wp\/v2\/media\/2503"}],"wp:attachment":[{"href":"https:\/\/marceloj.com\/b\/wp-json\/wp\/v2\/media?parent=2504"}],"wp:term":[{"taxonomy":"category","embeddable":true,"href":"https:\/\/marceloj.com\/b\/wp-json\/wp\/v2\/categories?post=2504"},{"taxonomy":"post_tag","embeddable":true,"href":"https:\/\/marceloj.com\/b\/wp-json\/wp\/v2\/tags?post=2504"}],"curies":[{"name":"wp","href":"https:\/\/api.w.org\/{rel}","templated":true}]}}