{"id":2493,"date":"2025-12-09T12:04:28","date_gmt":"2025-12-09T15:04:28","guid":{"rendered":"https:\/\/marceloj.com\/b\/autocompaixao-descubra-como-essa-pratica-transforma-seu-bem-estar\/"},"modified":"2025-12-09T12:04:28","modified_gmt":"2025-12-09T15:04:28","slug":"autocompaixao-descubra-como-essa-pratica-transforma-seu-bem-estar","status":"publish","type":"post","link":"https:\/\/marceloj.com\/b\/autocompaixao-descubra-como-essa-pratica-transforma-seu-bem-estar\/","title":{"rendered":"Autocompaix\u00e3o: Descubra Como Essa Pr\u00e1tica Transforma Seu Bem-Estar"},"content":{"rendered":"<h1>A Autocompaix\u00e3o e Seu Impacto no Desenvolvimento Pessoal<\/h1>\n<p>Segundo o psic\u00f3logo <strong>Mark Travers<\/strong>, em artigo publicado na <em>Forbes USA<\/em>, muitos de n\u00f3s enfrentamos o desafio de sermos mais gentis com os outros do que conosco mesmos. A autocompaix\u00e3o, muitas vezes menosprezada em nossa jornada pessoal, revela-se essencial para o bem-estar mental e emocional. Travers destaca que ignorar essa pr\u00e1tica pode ter impactos profundos em nossa sa\u00fade. Vamos explorar sinais comuns dessa neglig\u00eancia e maneiras de reverter esse ciclo.<\/p>\n<h2>Sua voz interna \u00e9 mais dura do que qualquer coisa que voc\u00ea diria aos outros<\/h2>\n<p>A <strong>autocr\u00edtica<\/strong> severa \u00e9 um obst\u00e1culo ao autocuidado. Frequentemente, adotamos um tom implac\u00e1vel conosco que nunca usar\u00edamos com amigos ou familiares. Esse discurso interno rigoroso impacta diretamente nosso bem-estar emocional, ampliando quadros de depress\u00e3o e diminuindo as emo\u00e7\u00f5es positivas. Estudos destacam que a autocompaix\u00e3o desempenha um papel significativo na promo\u00e7\u00e3o do bem-estar, superando at\u00e9 mesmo a compaix\u00e3o que sentimos por outros.<\/p>\n<h2>Voc\u00ea prioriza as necessidades dos outros acima das suas pr\u00f3prias<\/h2>\n<p>A tend\u00eancia de colocar os outros em primeiro lugar, mesmo \u00e0s custas do nosso pr\u00f3prio bem-estar, \u00e9 admir\u00e1vel, mas desgastante. Essa postura acaba por esgotar nossa energia e nos deix\u00e1 propensos ao estresse e ao ressentimento. Travers afirma que compreender que nosso pr\u00f3prio sofrimento tamb\u00e9m \u00e9 digno de aten\u00e7\u00e3o ajuda a construir uma base duradoura para o cuidado dos outros. Reconhecer e priorizar nossas necessidades n\u00e3o nos faz ego\u00edstas; pelo contr\u00e1rio, fortalece nossa capacidade de generosidade.<\/p>\n<h2>Voc\u00ea perdoa os outros facilmente, mas n\u00e3o consegue deixar de lado seus pr\u00f3prios erros<\/h2>\n<p>O auto-perd\u00e3o \u00e9 fundamental em qualquer jornada de desenvolvimento pessoal. Muitas vezes, somos indulgentes com os erros dos outros, mas incapazes de aplicar a mesma compaix\u00e3o a n\u00f3s mesmos. A compreens\u00e3o da &#8220;humanidade comum&#8221;, conceito onde reconhecemos que erros e falhas s\u00e3o parte de ser humano, \u00e9 crucial. Aceitar essa perspectiva promove a aceita\u00e7\u00e3o e reduz a autocr\u00edtica destrutiva.<\/p>\n<h2>Voc\u00ea tem dificuldade em aceitar apoio ou gentileza<\/h2>\n<p>Recusar ajuda ou apoio de outros pode estar enraizado em sentimentos de indignidade ou necessidade de independ\u00eancia. Travers destaca que a aceita\u00e7\u00e3o da compaix\u00e3o alheia pode enriquecer nossa pr\u00f3pria capacidade de autocompaix\u00e3o. Este ciclo de recep\u00e7\u00e3o e cuidado m\u00fatuo fortalece nosso equil\u00edbrio emocional e incentiva nosso desenvolvimento pessoal.<\/p>\n<h3>Por que esse padr\u00e3o acontece<\/h3>\n<p>Entender a origem de nossa resist\u00eancia \u00e0 autocompaix\u00e3o pode romper esse ciclo. Fatores como o condicionamento precoce, perfeccionismo e medo da vulnerabilidade desempenham um papel significativo aqui. Cada um desses fatores desafia nossa habilidade inata de sermos gentis conosco, mas s\u00e3o aspectos que podemos trabalhar e modificar ao longo do tempo.<\/p>\n<h3>Como come\u00e7ar a praticar a autocompaix\u00e3o<\/h3>\n<p>Exercitar a autocompaix\u00e3o \u00e9 um processo deliberado, exigindo pequenas pr\u00e1ticas di\u00e1rias. Momentos de pausa e autoreflex\u00e3o ajudam a reconhecer e acolher nossas emo\u00e7\u00f5es. Falar consigo mesmo como se estivesse confortando um amigo pode transformar sua rela\u00e7\u00e3o interna. Al\u00e9m disso, estabelecer limites e permitir-se descansar s\u00e3o pr\u00e1ticas essenciais. Esses atos, por menores que parecem, reasseguram nosso valor pessoal.<\/p>\n<p>Por fim, aceitar apoio dos outros \u00e9 um gesto de abertura que aumenta nossa percep\u00e7\u00e3o de valor e autoestima, essencial para o fortalecimento do nosso bem-estar e resili\u00eancia.<\/p>\n<p>Travers, em sua obra, nos lembra que <strong>a autocompaix\u00e3o \u00e9 uma habilidade desenvolv\u00edvel<\/strong>, n\u00e3o uma caracter\u00edstica inata. Com tempo e pr\u00e1tica, ela pode se tornar um alicerce indispens\u00e1vel em nossa jornada de crescimento pessoal.<\/p>\n<p><em>Fonte: <strong>Mark Travers<\/strong>, colaborador da Forbes USA. URL Original: <a href=\"https:\/\/forbes.com.br\/forbessaude\/2025\/12\/4-sinais-de-que-voce-e-gentil-com-todos-menos-consigo-mesmo\/\">Forbes Brasil<\/a><\/em><\/p>\n","protected":false},"excerpt":{"rendered":"<p>A autocompaix\u00e3o \u00e9 essencial para o bem-estar mental; superando a autocr\u00edtica, fortalece o desenvolvimento pessoal e resili\u00eancia.<\/p>\n","protected":false},"author":123457,"featured_media":2492,"comment_status":"closed","ping_status":"closed","sticky":false,"template":"","format":"standard","meta":{"footnotes":""},"categories":[278,127,1,520],"tags":[695,1497,505,1495,1110,414,354,229,239,1499,1498,1494,580,343,1496],"class_list":["post-2493","post","type-post","status-publish","format-standard","has-post-thumbnail","hentry","category-comportamento-humano","category-mindset-marceloj","category-sem-categoria","category-saude-mental","tag-aceitacao","tag-auto-perdao","tag-autoajuda","tag-autocompaixao","tag-autocritica","tag-autoestima","tag-bem-estar","tag-comportamento-humano","tag-desenvolvimento-pessoal","tag-forbes","tag-gentileza","tag-marc-travers","tag-resiliencia","tag-saude-mental","tag-voz-interna"],"jetpack_featured_media_url":"https:\/\/marceloj.com\/b\/wp-content\/uploads\/2025\/12\/Autocompaixao-Descu.png","_links":{"self":[{"href":"https:\/\/marceloj.com\/b\/wp-json\/wp\/v2\/posts\/2493","targetHints":{"allow":["GET"]}}],"collection":[{"href":"https:\/\/marceloj.com\/b\/wp-json\/wp\/v2\/posts"}],"about":[{"href":"https:\/\/marceloj.com\/b\/wp-json\/wp\/v2\/types\/post"}],"author":[{"embeddable":true,"href":"https:\/\/marceloj.com\/b\/wp-json\/wp\/v2\/users\/123457"}],"replies":[{"embeddable":true,"href":"https:\/\/marceloj.com\/b\/wp-json\/wp\/v2\/comments?post=2493"}],"version-history":[{"count":0,"href":"https:\/\/marceloj.com\/b\/wp-json\/wp\/v2\/posts\/2493\/revisions"}],"wp:featuredmedia":[{"embeddable":true,"href":"https:\/\/marceloj.com\/b\/wp-json\/wp\/v2\/media\/2492"}],"wp:attachment":[{"href":"https:\/\/marceloj.com\/b\/wp-json\/wp\/v2\/media?parent=2493"}],"wp:term":[{"taxonomy":"category","embeddable":true,"href":"https:\/\/marceloj.com\/b\/wp-json\/wp\/v2\/categories?post=2493"},{"taxonomy":"post_tag","embeddable":true,"href":"https:\/\/marceloj.com\/b\/wp-json\/wp\/v2\/tags?post=2493"}],"curies":[{"name":"wp","href":"https:\/\/api.w.org\/{rel}","templated":true}]}}