{"id":2485,"date":"2025-12-08T14:17:40","date_gmt":"2025-12-08T17:17:40","guid":{"rendered":"https:\/\/marceloj.com\/b\/reflexoes-estoicas-de-marco-aurelio-licoes-eternas-de-um-imperador-sobre-vida-e-morte\/"},"modified":"2025-12-08T18:32:46","modified_gmt":"2025-12-08T21:32:46","slug":"reflexoes-estoicas-de-marco-aurelio-licoes-eternas-de-um-imperador-sobre-vida-e-morte","status":"publish","type":"post","link":"https:\/\/marceloj.com\/b\/reflexoes-estoicas-de-marco-aurelio-licoes-eternas-de-um-imperador-sobre-vida-e-morte\/","title":{"rendered":"O que o Imperador Romano Marco Aur\u00e9lio pode nos ensinar: Li\u00e7\u00f5es sobre Vida e Morte"},"content":{"rendered":"<p><strong>Marco Aur\u00e9lio<\/strong>, imperador romano do s\u00e9culo 2 d.C., enfrentou um cen\u00e1rio de caos. Com uma peste devastando a Europa Ocidental e guerras contra tribos germ\u00e2nicas ao longo do rio Dan\u00fabio, ele encontrou consolo na filosofia. Em meio a velhice e desafios, Marco Aur\u00e9lio se voltou para suas cren\u00e7as, buscando aprimorar-se como governante e ser humano. Assim, nasceram suas famosas &#8220;Medita\u00e7\u00f5es&#8221;, um conjunto de escritos introspectivos que oferecem um vislumbre da vida sob a \u00f3tica do <a href=\"https:\/\/marceloj.com\/b\/como-o-estoicismo-pode-ajudar-voce-a-controlar-suas-emocoes-e-alcancar-o-equilibrio-o-guia-completo\/\">estoicismo<\/a>. Este artigo investiga como suas experi\u00eancias e <a href=\"https:\/\/marceloj.com\/b\/quantos-pensamentos-voce-tem-diariamente-prepare-se-para-se-surpreender\/\">pensamentos<\/a> continuam a moldar debates sobre a condi\u00e7\u00e3o humana e o crescimento pessoal at\u00e9 os dias de hoje.<\/p>\n<h3>A Filosofia como Ref\u00fagio<\/h3>\n<p><strong>Marco Aur\u00e9lio<\/strong> em <strong>Medita\u00e7\u00f5es<\/strong> compartilha suas lutas, valores e sabedoria enquanto travava batalhas no front. Nascido em 121 d.C. numa fam\u00edlia aristocr\u00e1tica de Roma, recebeu educa\u00e7\u00e3o refinada e estudou Homero e Eur\u00edpides, optando por escrever em grego ao inv\u00e9s do latim. Iniciou seu romance com a filosofia desde jovem, com \u00eanfase no estoicismo, que encoraja a aceita\u00e7\u00e3o das coisas fora do controle humano e a busca por for\u00e7a interior. Marco Aur\u00e9lio inspirou-se em <strong>Epicteto<\/strong>, cujo &#8220;Manual de Epicteto&#8221; influenciou suas pr\u00f3prias reflex\u00f5es. Suas contribui\u00e7\u00f5es \u00e0 tradi\u00e7\u00e3o estoica destacam a percep\u00e7\u00e3o como base do verdadeiro conhecimento, sublinhando que a felicidade vem pela pr\u00e1tica da virtude e <a href=\"https:\/\/marceloj.com\/b\/o-problema-de-quem-tem-sempre-razao-porque-ter-duvida-e-um-sinal-de-sabedoria\/\">raz\u00e3o<\/a>. Segundo <strong>Marco Aur\u00e9lio<\/strong>, ser guiado pela raz\u00e3o \u00e9 essencial para enfrentar as dificuldades.<\/p>\n<h3>Marco Aur\u00e9lio e Suas Reflex\u00f5es<\/h3>\n<p>Mesmo n\u00e3o pretendendo que suas anota\u00e7\u00f5es ganhassem notoriedade, <strong>Medita\u00e7\u00f5es<\/strong> revela a vida de um imperador vivendo sob as m\u00e1ximas estoicas. Marco Aur\u00e9lio menciona tutores que moldaram seu car\u00e1ter, afastando-o da supersti\u00e7\u00e3o e v\u00edcios. Escreveu durante campanhas <a href=\"https:\/\/marceloj.com\/b\/tecnicas-militares-aumente-autocontrole-e-produtividade\/\">militares<\/a>, como em Carnuntum, pr\u00f3ximo ao Dan\u00fabio, desafiando fronteiras para liderar na linha de frente. Marco Aur\u00e9lio reflete ainda sobre injusti\u00e7as e responsabilidades enquanto governava Roma com seu irm\u00e3o adotivo, L\u00facio Vero. Ele reflete sobre tribula\u00e7\u00f5es como ingratid\u00e3o e ego\u00edsmo, decidindo mant\u00ea-las fora de seu caminho. Seu foco na humildade e avers\u00e3o \u00e0 arrog\u00e2ncia ensina a enfrentar desafios com tranquilidade.<\/p>\n<h3>O Fil\u00f3sofo no Front de Batalha<\/h3>\n<p>Nesse contexto desafiador, Marco Aur\u00e9lio encontrou tempo para documenta\u00e7\u00e3o filos\u00f3fica. Ele escreve sobre os combates e brutalidades enfrentadas, vivenciando em carne pr\u00f3pria a dicotomia entre filos\u00f3fo noturno e l\u00edder <a href=\"https:\/\/marceloj.com\/b\/tecnicas-militares-aumente-autocontrole-e-produtividade\/\">militar<\/a> diurno. Com base em reconhecimentos sobre figuras hist\u00f3ricas, apresenta que todos &#8211; de generais vitoriosos a habitantes an\u00f4nimos de Pompeia &#8211; dividem o mesmo destino inevit\u00e1vel. Para Marco Aur\u00e9lio, aceitar a natureza ef\u00eamera da vida, e a morte, era essencial.<\/p>\n<h3>Paz de Esp\u00edrito e o Destino Humano<\/h3>\n<p><strong>Marco Aur\u00e9lio<\/strong> busca paz de esp\u00edrito aceitando o fluxo da exist\u00eancia e instiga a a\u00e7\u00e3o com prop\u00f3sitos definidos. Ele v\u00ea a morte como liberta\u00e7\u00e3o das tribula\u00e7\u00f5es mundanas, onde valores verdadeiros raramente s\u00e3o praticados. Amar sinceramente o pr\u00f3ximo transforma-se em desafio e objetivo, um c\u00e2none que ele defende sem desespero. Acreditava que a morte deve ser aceita com gratid\u00e3o, encarando-a como parte do ciclo natural da vida. O imperador faleceu em 180 d.C., v\u00edtima da peste, mas suas li\u00e7\u00f5es vivem nas mentes de l\u00edderes e leitores globais. A influ\u00eancia de Marco Aur\u00e9lio perpetua-se atrav\u00e9s das gera\u00e7\u00f5es, sendo<strong>&#8216;Medita\u00e7\u00f5es&#8217;<\/strong> um cl\u00e1ssico atemporal.<\/p>\n<p><strong>Fonte: National Geographic Brasil.<\/strong> <em>URL Original<\/em>: <a href=\"https:\/\/www.nationalgeographicbrasil.com\/historia\/2025\/12\/as-licoes-do-imperador-romano-marco-aurelio-seu-diario-intimo-traz-reflexoes-filosoficas-sobre-vida-amor-e-morte\">National Geographic Brasil<\/a>.<\/p>\n","protected":false},"excerpt":{"rendered":"<p>Descubra as li\u00e7\u00f5es estoicas de Marco Aur\u00e9lio, imperador romano, que em suas Medita\u00e7\u00f5es aborda a sabedoria em tempos de caos e adversidade.<\/p>\n","protected":false},"author":123457,"featured_media":2484,"comment_status":"closed","ping_status":"closed","sticky":false,"template":"","format":"standard","meta":{"footnotes":""},"categories":[278,704,550,779],"tags":[695,1478,298,552,777,1480,1482,555,690,1476,1481,1159,1479,1477,708],"class_list":["post-2485","post","type-post","status-publish","format-standard","has-post-thumbnail","hentry","category-comportamento-humano","category-desenvolvimento-pessoal","category-estoicismo","category-filosofia","tag-aceitacao","tag-condicao-humana","tag-crescimento-pessoal","tag-estoicismo","tag-filosofia","tag-guerra","tag-imperador-romano","tag-marco-aurelio","tag-meditacoes","tag-paz-de-espirito","tag-peste","tag-reflexoes-filosoficas","tag-roma-antiga","tag-tribos-germanicas","tag-virtude"],"jetpack_featured_media_url":"https:\/\/marceloj.com\/b\/wp-content\/uploads\/2025\/12\/Reflexoes-Estoicas-d.png","_links":{"self":[{"href":"https:\/\/marceloj.com\/b\/wp-json\/wp\/v2\/posts\/2485","targetHints":{"allow":["GET"]}}],"collection":[{"href":"https:\/\/marceloj.com\/b\/wp-json\/wp\/v2\/posts"}],"about":[{"href":"https:\/\/marceloj.com\/b\/wp-json\/wp\/v2\/types\/post"}],"author":[{"embeddable":true,"href":"https:\/\/marceloj.com\/b\/wp-json\/wp\/v2\/users\/123457"}],"replies":[{"embeddable":true,"href":"https:\/\/marceloj.com\/b\/wp-json\/wp\/v2\/comments?post=2485"}],"version-history":[{"count":2,"href":"https:\/\/marceloj.com\/b\/wp-json\/wp\/v2\/posts\/2485\/revisions"}],"predecessor-version":[{"id":2487,"href":"https:\/\/marceloj.com\/b\/wp-json\/wp\/v2\/posts\/2485\/revisions\/2487"}],"wp:featuredmedia":[{"embeddable":true,"href":"https:\/\/marceloj.com\/b\/wp-json\/wp\/v2\/media\/2484"}],"wp:attachment":[{"href":"https:\/\/marceloj.com\/b\/wp-json\/wp\/v2\/media?parent=2485"}],"wp:term":[{"taxonomy":"category","embeddable":true,"href":"https:\/\/marceloj.com\/b\/wp-json\/wp\/v2\/categories?post=2485"},{"taxonomy":"post_tag","embeddable":true,"href":"https:\/\/marceloj.com\/b\/wp-json\/wp\/v2\/tags?post=2485"}],"curies":[{"name":"wp","href":"https:\/\/api.w.org\/{rel}","templated":true}]}}