{"id":2354,"date":"2025-10-22T10:26:32","date_gmt":"2025-10-22T13:26:32","guid":{"rendered":"https:\/\/marceloj.com\/b\/?p=2354"},"modified":"2025-10-22T10:26:32","modified_gmt":"2025-10-22T13:26:32","slug":"a-importancia-das-soft-skills-no-mundo-corporativo","status":"publish","type":"post","link":"https:\/\/marceloj.com\/b\/a-importancia-das-soft-skills-no-mundo-corporativo\/","title":{"rendered":"A Import\u00e2ncia das Soft Skills no Mundo Corporativo"},"content":{"rendered":"<p>A reda\u00e7\u00e3o do portal <strong>O Novo MindSet<\/strong> destaca a recente entrevista com <strong>Marcelo Bresciani<\/strong>, terapeuta e especialista em PNL, sobre a import\u00e2ncia das soft skills no mundo atual. Em uma era de trabalho remoto e autonomia, essas habilidades interpessoais se mostram cruciais para o sucesso profissional e pessoal. Marcelo explora como as soft skills diferem das hard skills e por que s\u00e3o fundamentais no ambiente de trabalho moderno.<\/p>\n<h2 id=\"a-import-ncia-das-soft-skills-no-mundo-atual\">A Import\u00e2ncia das Soft Skills no Mundo Atual<\/h2>\n<p>No RBN Not\u00edcias, tivemos a oportunidade de conversar com Marcelo Bresciani, terapeuta, coach, consultor empresarial e especialista em PNL, sobre a relev\u00e2ncia crescente das soft skills no ambiente de trabalho. A <a href=\"https:\/\/marceloj.com\/b\/debate-o-campo-de-batalha-para-formar-um-mindset-critico\/\">discuss\u00e3o<\/a> focou em como essas habilidades, muitas vezes subestimadas, s\u00e3o essenciais na era do trabalho remoto e aut\u00f4nomo.<\/p>\n<h3 id=\"diferen-a-entre-hard-skills-e-soft-skills\">Diferen\u00e7a entre Hard Skills e Soft Skills<\/h3>\n<p>\u2014 <strong>Marcos:<\/strong> Marcelo, para come\u00e7ar, o que s\u00e3o exatamente soft skills?<br \/>\n\u2014 <strong>Marcelo Bresciani:<\/strong> As soft skills s\u00e3o capacidades como comunica\u00e7\u00e3o, trabalho em equipe e flexibilidade. Diferem das hard skills, que s\u00e3o as habilidades t\u00e9cnicas aprendidas em cursos ou na faculdade. Hoje, valorizo 80% de soft skills ao contratar, pois, diferentemente das hard skills, s\u00e3o mais dif\u00edceis de ensinar.<\/p>\n<p>\u2014 <strong>Marcos:<\/strong> E de onde surgiu o termo soft skills?<br \/>\n\u2014 <strong>Marcelo Bresciani:<\/strong> Foi um conceito criado pelo ex\u00e9rcito dos Estados Unidos nos anos 1960-1970. Eles diferenciavam entre habilidades para operar m\u00e1quinas (hard skills) e habilidades interpessoais, como lideran\u00e7a (soft skills). Hoje, essas habilidades s\u00e3o ainda mais importantes por causa das mudan\u00e7as no mercado de trabalho.<\/p>\n<h3 id=\"a-evolu-o-da-percep-o-sobre-soft-skills\">A Evolu\u00e7\u00e3o da Percep\u00e7\u00e3o sobre Soft Skills<\/h3>\n<p>\u2014 <strong>Marcos:<\/strong> Ent\u00e3o, a import\u00e2ncia das soft skills \u00e9 mais reconhecida agora?<br \/>\n\u2014 <strong>Marcelo Bresciani:<\/strong> Exato. Antes, a gest\u00e3o e lideran\u00e7a eram as principais habilidades buscadas. Agora, atributos como comunica\u00e7\u00e3o e empatia s\u00e3o igualmente valorizados. Durante a pandemia, as soft skills se tornaram fundamentais para a adapta\u00e7\u00e3o e gest\u00e3o de equipes remotas.<\/p>\n<p>\u2014 <strong>Marcos:<\/strong> Mesmo na \u00e1rea de tecnologia, onde as pessoas acham que n\u00e3o precisam interagir?<br \/>\n\u2014 <strong>Marcelo Bresciani:<\/strong> Precisamente. Mesmo os profissionais de tecnologia devem se comunicar bem. Reuni\u00f5es virtuais exigem clareza e compreens\u00e3o m\u00fatua. O estere\u00f3tipo do t\u00e9cnico fechado n\u00e3o se sustenta mais.<\/p>\n<h3 id=\"desenvolvendo-soft-skills-no-trabalho\">Desenvolvendo Soft Skills no Trabalho<\/h3>\n<p>\u2014 <strong>Marcos:<\/strong> H\u00e1 uma habilidade que voc\u00ea pensa ser subestimada no mercado atual?<br \/>\n\u2014 <strong>Marcelo Bresciani:<\/strong> Sim, a autogest\u00e3o ou senso de dono. Isso \u00e9 responsabilidade e interesse genu\u00edno pelo trabalho. Tais qualidades costumam resultar em promo\u00e7\u00f5es, j\u00e1 que empregadores valorizam essa dedica\u00e7\u00e3o extra.<\/p>\n<p>\u2014 <strong>Marcos:<\/strong> Como quem j\u00e1 est\u00e1 empregado pode desenvolver essas habilidades?<br \/>\n\u2014 <strong>Marcelo Bresciani:<\/strong> \u00c9 vital come\u00e7ar com a vontade de melhorar. Cursos de desenvolvimento humano, livros como &#8220;Os Sete H\u00e1bitos das Pessoas Altamente Eficazes&#8221;, e busca por conhecimento s\u00e3o passos essenciais. Identifique e siga exemplos de sucesso no seu ambiente de trabalho.<\/p>\n<p>Com um entendimento mais profundo sobre soft skills, a conversa com Marcelo Bresciani revelou a import\u00e2ncia dessas habilidades no cen\u00e1rio atual de trabalho. Em 4 de novembro, teremos a segunda parte dessa discuss\u00e3o, onde aprofundaremos as estrat\u00e9gias pr\u00e1ticas para desenvolver soft skills.<\/p>\n<p>Para mais insights sobre desenvolvimento pessoal, Marcelo convida todos a visitar seu canal no YouTube, O Novo Mindset, onde compartilha mais sobre filosofia, soft skills e quest\u00f5es humanas. Fique atento para a continua\u00e7\u00e3o deste tema fascinante!<\/p>\n","protected":false},"excerpt":{"rendered":"<p>Com Marcelo Bresciani, explore a import\u00e2ncia das soft skills no trabalho remoto, comunica\u00e7\u00e3o, empatia e autogest\u00e3o para sucesso profissional.<\/p>\n","protected":false},"author":123457,"featured_media":2324,"comment_status":"closed","ping_status":"closed","sticky":false,"template":"","format":"standard","meta":{"footnotes":""},"categories":[278,51,127,242],"tags":[1131,1045,670,1139,1141,1138,1140],"class_list":["post-2354","post","type-post","status-publish","format-standard","has-post-thumbnail","hentry","category-comportamento-humano","category-estresse-no-trabalho","category-mindset-marceloj","category-neurociencia-e-pnl","tag-autogestao","tag-comunicacao","tag-empatia","tag-hard-skills","tag-marcelo-bresciani","tag-soft-skills","tag-trabalho-remoto"],"jetpack_featured_media_url":"https:\/\/marceloj.com\/b\/wp-content\/uploads\/2025\/10\/Blog-Capa-do-Programa-RBN-Noticias.jpg","_links":{"self":[{"href":"https:\/\/marceloj.com\/b\/wp-json\/wp\/v2\/posts\/2354","targetHints":{"allow":["GET"]}}],"collection":[{"href":"https:\/\/marceloj.com\/b\/wp-json\/wp\/v2\/posts"}],"about":[{"href":"https:\/\/marceloj.com\/b\/wp-json\/wp\/v2\/types\/post"}],"author":[{"embeddable":true,"href":"https:\/\/marceloj.com\/b\/wp-json\/wp\/v2\/users\/123457"}],"replies":[{"embeddable":true,"href":"https:\/\/marceloj.com\/b\/wp-json\/wp\/v2\/comments?post=2354"}],"version-history":[{"count":1,"href":"https:\/\/marceloj.com\/b\/wp-json\/wp\/v2\/posts\/2354\/revisions"}],"predecessor-version":[{"id":2355,"href":"https:\/\/marceloj.com\/b\/wp-json\/wp\/v2\/posts\/2354\/revisions\/2355"}],"wp:featuredmedia":[{"embeddable":true,"href":"https:\/\/marceloj.com\/b\/wp-json\/wp\/v2\/media\/2324"}],"wp:attachment":[{"href":"https:\/\/marceloj.com\/b\/wp-json\/wp\/v2\/media?parent=2354"}],"wp:term":[{"taxonomy":"category","embeddable":true,"href":"https:\/\/marceloj.com\/b\/wp-json\/wp\/v2\/categories?post=2354"},{"taxonomy":"post_tag","embeddable":true,"href":"https:\/\/marceloj.com\/b\/wp-json\/wp\/v2\/tags?post=2354"}],"curies":[{"name":"wp","href":"https:\/\/api.w.org\/{rel}","templated":true}]}}