{"id":2216,"date":"2025-09-15T19:23:02","date_gmt":"2025-09-15T22:23:02","guid":{"rendered":"https:\/\/marceloj.com\/b\/?p=2216"},"modified":"2025-09-29T14:29:06","modified_gmt":"2025-09-29T17:29:06","slug":"socrates-estoicismo-e-o-aperfeicoamento-pessoal","status":"publish","type":"post","link":"https:\/\/marceloj.com\/b\/socrates-estoicismo-e-o-aperfeicoamento-pessoal\/","title":{"rendered":"S\u00f3crates, Estoicismo e o Aperfei\u00e7oamento Pessoal"},"content":{"rendered":"<div id=\"attachment_1865\" style=\"width: 250px\" class=\"wp-caption alignright\"><img loading=\"lazy\" decoding=\"async\" aria-describedby=\"caption-attachment-1865\" class=\"imagem-colunista wp-image-1865 size-medium\" src=\"https:\/\/marceloj.com\/b\/wp-content\/uploads\/2024\/07\/marcelo-jose-bresciani-colunista-1-240x300.jpg\" alt=\"Marcelo Jose Bresciani\" width=\"240\" height=\"300\" srcset=\"https:\/\/marceloj.com\/b\/wp-content\/uploads\/2024\/07\/marcelo-jose-bresciani-colunista-1-240x300.jpg 240w, https:\/\/marceloj.com\/b\/wp-content\/uploads\/2024\/07\/marcelo-jose-bresciani-colunista-1-768x961.jpg 768w, https:\/\/marceloj.com\/b\/wp-content\/uploads\/2024\/07\/marcelo-jose-bresciani-colunista-1-672x841.jpg 672w, https:\/\/marceloj.com\/b\/wp-content\/uploads\/2024\/07\/marcelo-jose-bresciani-colunista-1-480x601.jpg 480w, https:\/\/marceloj.com\/b\/wp-content\/uploads\/2024\/07\/marcelo-jose-bresciani-colunista-1.jpg 783w\" sizes=\"auto, (max-width: 240px) 100vw, 240px\"><p id=\"caption-attachment-1865\" class=\"wp-caption-text\">Marcelo J Bresciani \u00e9 Colunista, Treinador e Produtor de Conte\u00fado Digital<\/p><\/div><br \/>\nPensar em S\u00f3crates hoje, olhando, talvez, para um carro moderno, real\u00e7a a contradi\u00e7\u00e3o. Em um mundo obcecado por coisas, ele nos lembra que o verdadeiro tesouro est\u00e1 em nosso interior.<\/p>\n<p>Refletindo sobre a filosofia estoica, uma frase atribu\u00edda a S\u00f3crates nos convida a pensar: enquanto muitos se preocupam em melhorar suas posses, como faziam antigamente com cavalos, outros buscam o autodesenvolvimento cont\u00ednuo. Essa ideia, mencionada por Epicteto, fil\u00f3sofo <a href=\"https:\/\/marceloj.com\/b\/como-o-estoicismo-pode-ajudar-voce-a-controlar-suas-emocoes-e-alcancar-o-equilibrio-o-guia-completo\/\">estoico<\/a>, em seus &#8220;Discursos&#8221;, se aplica de forma clara \u00e0 realidade contempor\u00e2nea.<\/p>\n<p>Hoje, muitas pessoas se dedicam a atualizar seus carros, buscando sempre a m\u00e1xima performance. No entanto, S\u00f3crates aponta para um caminho diferente: a busca incessante pelo autoconhecimento. Quando voc\u00ea investe em se conhecer melhor, anseia por uma vers\u00e3o de si que impulsiona seus objetivos e realiza\u00e7\u00f5es.<\/p>\n<p>Esse aperfei\u00e7oamento n\u00e3o deve ser um fim em si mesmo. Aperfei\u00e7oar-se sem prop\u00f3sito n\u00e3o leva a lugar algum; \u00e9 crucial ter objetivos claros. Este \u00e9 o verdadeiro sentido por tr\u00e1s do famoso ad\u00e1gio socr\u00e1tico: &#8220;conhece-te a ti mesmo&#8221;.<\/p>\n<h3>O Caminho do Autoconhecimento<\/h3>\n<p>Ao nos voltarmos para dentro, reconhecemos a import\u00e2ncia de entender nossas capacidades e limites. O autoconhecimento nos orienta em nossas decis\u00f5es, permitindo que usemos nossas for\u00e7as ao m\u00e1ximo e abordemos nossas fraquezas de forma estrat\u00e9gica.<\/p>\n<p>Mas por qual motivo aperfei\u00e7oar-se \u00e9 t\u00e3o importante? Porque leva a realiza\u00e7\u00f5es significativas. Quando alinhamos nosso desenvolvimento pessoal com nossos objetivos, cada passo em dire\u00e7\u00e3o ao autoconhecimento traz maior clareza e determina\u00e7\u00e3o.<\/p>\n<h3>O Estoicismo Hoje<\/h3>\n<p>O <a href=\"https:\/\/marceloj.com\/b\/como-o-estoicismo-pode-ajudar-voce-a-controlar-suas-emocoes-e-alcancar-o-equilibrio-o-guia-completo\/\">estoicismo<\/a> continua a oferecer li\u00e7\u00f5es valiosas. Ele nos ensina a focar no que controlamos, ignorando distra\u00e7\u00f5es externas. Este foco no interior faz com que cada dia seja uma oportunidade de <a href=\"https:\/\/marceloj.com\/b\/a-era-da-dependencia-cognitiva-como-a-inteligencia-artificial-esta-transformando-nosso-aprendizado\/\">aprendizado<\/a> e crescimento pessoal.<\/p>\n<p>A li\u00e7\u00e3o de S\u00f3crates e dos estoicos \u00e9 clara: enquanto muitos se preocupam com bens materiais, o verdadeiro valor est\u00e1 em se tornar a melhor vers\u00e3o de si mesmo. O autoconhecimento \u00e9 a chave para desbloquear esse potencial inexplorado.<\/p>\n","protected":false},"excerpt":{"rendered":"<p>Descubra como S\u00f3crates, Epitecto e o estoicismo guiam seu autoconhecimento e aperfei\u00e7oamento pessoal.<\/p>\n","protected":false},"author":1,"featured_media":2217,"comment_status":"closed","ping_status":"closed","sticky":false,"template":"","format":"standard","meta":{"footnotes":""},"categories":[706,704,779,590],"tags":[775,332,778,239,776,552,777,774],"class_list":["post-2216","post","type-post","status-publish","format-standard","has-post-thumbnail","hentry","category-autoconhecimento","category-desenvolvimento-pessoal","category-filosofia","category-micro-blog","tag-aperfeicoamento-pessoal","tag-autoconhecimento","tag-conhece-te-a-ti-mesmo","tag-desenvolvimento-pessoal","tag-epitecto","tag-estoicismo","tag-filosofia","tag-socrates"],"jetpack_featured_media_url":"https:\/\/marceloj.com\/b\/wp-content\/uploads\/2025\/09\/Estoicismo-Socrates-e-um-Carro-de-Luxo.jpg","_links":{"self":[{"href":"https:\/\/marceloj.com\/b\/wp-json\/wp\/v2\/posts\/2216","targetHints":{"allow":["GET"]}}],"collection":[{"href":"https:\/\/marceloj.com\/b\/wp-json\/wp\/v2\/posts"}],"about":[{"href":"https:\/\/marceloj.com\/b\/wp-json\/wp\/v2\/types\/post"}],"author":[{"embeddable":true,"href":"https:\/\/marceloj.com\/b\/wp-json\/wp\/v2\/users\/1"}],"replies":[{"embeddable":true,"href":"https:\/\/marceloj.com\/b\/wp-json\/wp\/v2\/comments?post=2216"}],"version-history":[{"count":3,"href":"https:\/\/marceloj.com\/b\/wp-json\/wp\/v2\/posts\/2216\/revisions"}],"predecessor-version":[{"id":2270,"href":"https:\/\/marceloj.com\/b\/wp-json\/wp\/v2\/posts\/2216\/revisions\/2270"}],"wp:featuredmedia":[{"embeddable":true,"href":"https:\/\/marceloj.com\/b\/wp-json\/wp\/v2\/media\/2217"}],"wp:attachment":[{"href":"https:\/\/marceloj.com\/b\/wp-json\/wp\/v2\/media?parent=2216"}],"wp:term":[{"taxonomy":"category","embeddable":true,"href":"https:\/\/marceloj.com\/b\/wp-json\/wp\/v2\/categories?post=2216"},{"taxonomy":"post_tag","embeddable":true,"href":"https:\/\/marceloj.com\/b\/wp-json\/wp\/v2\/tags?post=2216"}],"curies":[{"name":"wp","href":"https:\/\/api.w.org\/{rel}","templated":true}]}}