{"id":2213,"date":"2025-09-15T19:17:36","date_gmt":"2025-09-15T22:17:36","guid":{"rendered":"https:\/\/marceloj.com\/b\/?p=2213"},"modified":"2025-09-29T14:29:21","modified_gmt":"2025-09-29T17:29:21","slug":"a-importancia-da-conexao-no-setembro-amarelo","status":"publish","type":"post","link":"https:\/\/marceloj.com\/b\/a-importancia-da-conexao-no-setembro-amarelo\/","title":{"rendered":"A Import\u00e2ncia da Conex\u00e3o no Setembro Amarelo"},"content":{"rendered":"<p>Setembro Amarelo. Essa campanha de preven\u00e7\u00e3o e sa\u00fade mental ganha cada vez mais destaque. Sua presen\u00e7a se sente em todos os lugares; um lembrete constante de que nossa sa\u00fade mental merece <a href=\"https:\/\/marceloj.com\/b\/a-era-da-dependencia-cognitiva-como-a-inteligencia-artificial-esta-transformando-nosso-aprendizado\/\">aten\u00e7\u00e3o<\/a>. Na academia, por exemplo, \u00e9 comum encontrar post-its amarelos espalhados, cheios de palavras de motiva\u00e7\u00e3o. Eles falam de religi\u00e3o, autoajuda, desenvolvimento pessoal e <a href=\"https:\/\/marceloj.com\/b\/superando-limites-como-desbloquear-seu-potencial-maximo-segredos-da-alta-performance\/\">alta performance<\/a>. Cada mensagem reflete o repert\u00f3rio interno de quem as escreveu, e cada uma delas tem o potencial de tocar algu\u00e9m. A meta \u00e9 ajudar, de forma c\u00f4moda e talvez mais assertiva.<\/p>\n<p>Entretanto, nem todas as mensagens ressoam com a mesma intensidade para todos. Aquilo que emociona uma pessoa pode passar despercebido por outra. Somos moldados por nossas experi\u00eancias e, portanto, seguimos caminhos \u00fanicos. Esta diversidade torna essencial reconhecer que a ajuda que oferecemos pode n\u00e3o ser a mudan\u00e7a esperada. \u00c9 uma quest\u00e3o de conex\u00e3o, e embora uma mensagem n\u00e3o surta efeito imediato, ela pode ser a semente de mudan\u00e7a para outra pessoa no futuro.<\/p>\n<h3>Reflex\u00e3o e Respeito na Ajuda ao Pr\u00f3ximo<\/h3>\n<p>A ajuda, por mais bem-intencionada que seja, \u00e0s vezes n\u00e3o atinge seu prop\u00f3sito. O contexto importa. Mensagens religiosas, por exemplo, n\u00e3o s\u00e3o universais. Nem todos recebem conforto nelas. Precisamos entender que cada pessoa carrega uma hist\u00f3ria distinta e, consequentemente, diferentes necessidades. Ao ajudar, nossa contribui\u00e7\u00e3o pode n\u00e3o ser a chave para aquela transforma\u00e7\u00e3o, mas permanece valiosa.<\/p>\n<p>Ajudar n\u00e3o \u00e9 sobre nossa satisfa\u00e7\u00e3o pessoal, mas sobre a outra pessoa. Se n\u00e3o causarmos impacto imediato, devemos seguir em frente e continuar estendendo a m\u00e3o. Cada tentativa \u00e9 um elo em uma longa corrente de possibilidades. E \u00e0s vezes, mesmo as palavras mais simples podem ter um impacto profundo. \u00c9 uma quest\u00e3o de estar presente no momento certo, de dizer aquilo que precisa ser ouvido. Setembro Amarelo simboliza esse esp\u00edrito de apoio, de contribui\u00e7\u00e3o, de compartilhar aquilo que nos fortalece, na esperan\u00e7a de fortalecer tamb\u00e9m outros.<\/p>\n<h3>A Import\u00e2ncia do Apoio Profissional<\/h3>\n<p>Em meio a toda essa intera\u00e7\u00e3o humana e troca de experi\u00eancias, \u00e9 crucial lembrar que, em casos de necessidade aguda, o apoio profissional \u00e9 insubstitu\u00edvel. Amigos podem oferecer consolo, mas n\u00e3o possuem todas as ferramentas necess\u00e1rias para lidar com situa\u00e7\u00f5es complexas de sa\u00fade mental. Psic\u00f3logos e terapeutas, com suas habilidades especializadas, s\u00e3o fundamentais para um suporte eficaz e cont\u00ednuo.<\/p>\n<p>Setembro Amarelo n\u00e3o \u00e9 apenas sobre conscientiza\u00e7\u00e3o; \u00e9 um convite \u00e0 a\u00e7\u00e3o. Um lembrete de que, embora possamos oferecer apoio, devemos encorajar a busca por ajuda profissional quando necess\u00e1rio. E assim, ao combinar o apoio humano com a expertise profissional, criamos um espa\u00e7o mais seguro e acolhedor para todos.<\/p>\n","protected":false},"excerpt":{"rendered":"<p>Setembro Amarelo promove sa\u00fade mental, preven\u00e7\u00e3o e bem-estar refor\u00e7ando a import\u00e2ncia de ajuda profissional e conex\u00e3o emocional.<\/p>\n","protected":false},"author":1,"featured_media":2215,"comment_status":"closed","ping_status":"closed","sticky":false,"template":"","format":"standard","meta":{"footnotes":""},"categories":[590,127,520],"tags":[772,505,354,773,239,771,770,343,521],"class_list":["post-2213","post","type-post","status-publish","format-standard","has-post-thumbnail","hentry","category-micro-blog","category-mindset-marceloj","category-saude-mental","tag-ajuda-profissional","tag-autoajuda","tag-bem-estar","tag-conexao","tag-desenvolvimento-pessoal","tag-mensagens","tag-prevencao","tag-saude-mental","tag-setembro-amarelo"],"jetpack_featured_media_url":"https:\/\/marceloj.com\/b\/wp-content\/uploads\/2025\/09\/Gemini_Generated_Image_z750dxz750dxz750.jpg","_links":{"self":[{"href":"https:\/\/marceloj.com\/b\/wp-json\/wp\/v2\/posts\/2213","targetHints":{"allow":["GET"]}}],"collection":[{"href":"https:\/\/marceloj.com\/b\/wp-json\/wp\/v2\/posts"}],"about":[{"href":"https:\/\/marceloj.com\/b\/wp-json\/wp\/v2\/types\/post"}],"author":[{"embeddable":true,"href":"https:\/\/marceloj.com\/b\/wp-json\/wp\/v2\/users\/1"}],"replies":[{"embeddable":true,"href":"https:\/\/marceloj.com\/b\/wp-json\/wp\/v2\/comments?post=2213"}],"version-history":[{"count":1,"href":"https:\/\/marceloj.com\/b\/wp-json\/wp\/v2\/posts\/2213\/revisions"}],"predecessor-version":[{"id":2214,"href":"https:\/\/marceloj.com\/b\/wp-json\/wp\/v2\/posts\/2213\/revisions\/2214"}],"wp:featuredmedia":[{"embeddable":true,"href":"https:\/\/marceloj.com\/b\/wp-json\/wp\/v2\/media\/2215"}],"wp:attachment":[{"href":"https:\/\/marceloj.com\/b\/wp-json\/wp\/v2\/media?parent=2213"}],"wp:term":[{"taxonomy":"category","embeddable":true,"href":"https:\/\/marceloj.com\/b\/wp-json\/wp\/v2\/categories?post=2213"},{"taxonomy":"post_tag","embeddable":true,"href":"https:\/\/marceloj.com\/b\/wp-json\/wp\/v2\/tags?post=2213"}],"curies":[{"name":"wp","href":"https:\/\/api.w.org\/{rel}","templated":true}]}}