{"id":2210,"date":"2025-09-11T19:46:00","date_gmt":"2025-09-11T22:46:00","guid":{"rendered":"https:\/\/marceloj.com\/b\/?p=2210"},"modified":"2025-09-11T19:46:00","modified_gmt":"2025-09-11T22:46:00","slug":"debate-o-campo-de-batalha-para-formar-um-mindset-critico","status":"publish","type":"post","link":"https:\/\/marceloj.com\/b\/debate-o-campo-de-batalha-para-formar-um-mindset-critico\/","title":{"rendered":"Debate: O Campo de Batalha para Formar um Mindset Cr\u00edtico"},"content":{"rendered":"<p>A sala est\u00e1 iluminada pela luz fluorescente, enquanto um grupo de estudantes universit\u00e1rios discute animadamente sobre as \u00faltimas pol\u00edticas econ\u00f4micas. As vozes se sobrep\u00f5em, criando um zumbido constante no ar. Lucas, um jovem atento, observa o ambiente, absorvendo cada argumento com um interesse palp\u00e1vel. Ele anota pontos-chave em um caderno desgastado, percebendo que cada debate oferece uma nova perspectiva e desafia suas cren\u00e7as.<\/p>\n<p>A rotina matinal de Lucas \u00e9 dedicada ao preparo para aquelas discuss\u00f5es intensas. Ele acorda cedo, dedica uma hora \u00e0 leitura de artigos e not\u00edcias, seguido de vinte minutos analisando as diversas opini\u00f5es em podcasts. Esse ritual di\u00e1rio n\u00e3o apenas o prepara para os debates, mas tamb\u00e9m molda seu mindset cr\u00edtico, alternando entre curtos per\u00edodos de intensa concentra\u00e7\u00e3o e momentos de reflex\u00e3o. No entanto, ao investir tanto tempo, ele percebe que sua energia se esgota, um trade-off necess\u00e1rio para seu crescimento intelectual. Os progressos s\u00e3o silenciosos, mas percept\u00edveis: conceitos que antes eram nebulosos tornam-se mais claros, e ele reage com mais assertividade e empatia.<\/p>\n<p>Durante um debate particularmente tenso, Lucas observa um colega que escuta atento, acenando discretamente enquanto os outros falam. Ele percebe que, al\u00e9m de ter um argumento forte, a escuta ativa \u00e9 crucial para entender verdadeiramente o outro lado. Lucas conclui o dia refletindo se a verdadeira produtividade em um debate est\u00e1 em acumular conhecimento ou em como ele \u00e9 usado para construir pontes entre ideias divergentes. Afinal, por qual motivo n\u00e3o utilizar\u00edamos o poder do debate para evoluir e criar uma sociedade mais informada?<\/p>\n<h1>Resumo do Artigo<\/h1>\n<ul>\n<li>Explora\u00e7\u00e3o do papel dos debates no desenvolvimento do mindset cr\u00edtico.<\/li>\n<li>T\u00e9cnicas de argumenta\u00e7\u00e3o como ferramenta de <a href=\"https:\/\/marceloj.com\/b\/a-era-da-dependencia-cognitiva-como-a-inteligencia-artificial-esta-transformando-nosso-aprendizado\/\">pensamento cr\u00edtico<\/a>.<\/li>\n<li>Import\u00e2ncia da escuta ativa e empatia nos debates.<\/li>\n<li>Sugest\u00f5es de <a href=\"https:\/\/marceloj.com\/b\/descubra-as-rotinas-que-transformam-seu-cerebro-em-uma-maquina-de-alta-performance\/\">rotinas<\/a> para praticar t\u00e9cnicas de argumenta\u00e7\u00e3o.<\/li>\n<li>Como medir o impacto dos debates no pensamento cr\u00edtico.<\/li>\n<\/ul>\n<h1>Debates e MindSet: Como Formar Opini\u00f5es Cr\u00edticas<\/h1>\n<p>Os debates s\u00e3o verdadeiros campos de batalha para nossas ideias. Imagine um cen\u00e1rio onde o ato de discutir n\u00e3o significa brigar, mas sim construir pontes de entendimento e reflex\u00e3o. Participar de debates pode ser uma verdadeira mina de ouro para aumentar a produtividade e formar opini\u00f5es cr\u00edticas. Ao expor nossas ideias ao crivo externo, somos for\u00e7ados a estruturar melhor nossos argumentos. Isso n\u00e3o s\u00f3 eleva a qualidade do nosso racioc\u00ednio como tamb\u00e9m nos enche de muni\u00e7\u00e3o para enfrentar os desafios do cotidiano com um mindset afiado e pronto para qualquer combate intelectual.<\/p>\n<p>A arte de debater envolve muito mais do que apenas falar. Ela exige uma escuta ativa para absorver o ponto de vista do outro. Capturar essas nuances pode revolucionar a forma como encaramos problemas complexos e din\u00e2micos no nosso dia a dia. E a\u00ed vem a magia \u2013 ao ouvir atentamente, somos capazes de antecipar obje\u00e7\u00f5es e criar argumentos mais s\u00f3lidos. Dessa maneira, debates n\u00e3o s\u00f3 aumentam nosso arsenal de <a href=\"https:\/\/marceloj.com\/b\/quantos-pensamentos-voce-tem-diariamente-prepare-se-para-se-surpreender\/\">pensamentos<\/a> cr\u00edticos, mas tamb\u00e9m nos impulsionam em um ciclo cont\u00ednuo de produtividade que nos prepara para viver com mais prop\u00f3sito e estrat\u00e9gia.<\/p>\n<p>Ademais, os debates servem como um trampolim para desenvolver uma mentalidade anal\u00edtica em \u00e1reas como pol\u00edtica e economia, formadores de opini\u00e3o muitas vezes esquecidos em discuss\u00f5es rotineiras. \u00c0 medida que mergulhamos em temas complexos, somos levados a desafiar nossas pr\u00f3prias cren\u00e7as e a explorar as bordas da nossa compreens\u00e3o. Isso nos torna mais resilientes e adapt\u00e1veis, caracter\u00edsticas essenciais para navegar nas \u00e1guas muitas vezes turbulentas do mundo atual. Agora, com isso em mente, como podemos trazer essas t\u00e9cnicas para nossa rotina di\u00e1ria?<\/p>\n<h2>Rotinas Di\u00e1rias para Praticar T\u00e9cnicas de Argumenta\u00e7\u00e3o<\/h2>\n<p>Incorporar t\u00e9cnicas de argumenta\u00e7\u00e3o no cotidiano \u00e9 surpreendentemente simples. Comece dedicando cinco minutos do seu dia a debates mentais \u2013 escolha uma not\u00edcia ou uma quest\u00e3o social e argumente mentalmente como se estivesse em um debate real. Aprimore seu pensamento cr\u00edtico desafiando suposi\u00e7\u00f5es e explorando m\u00faltiplos \u00e2ngulos. Essa pr\u00e1tica fortalece sua habilidade de criar an\u00e1lises bem fundamentadas e de pensar fora da caixa, essencial para quem busca crescimento intelectual e profissional.<\/p>\n<p>Agora vamos ao pr\u00f3ximo passo: crie um di\u00e1rio de argumenta\u00e7\u00e3o. Anote os pontos principais das discuss\u00f5es que voc\u00ea participa durante o dia, sejam elas no trabalho, na escola ou mesmo aquelas que ocorrem nas redes sociais. Ao cruzar os argumentos apresentados com suas pr\u00f3prias opini\u00f5es, voc\u00ea percebe padr\u00f5es e lacunas em seu racioc\u00ednio. Com o tempo, essa pr\u00e1tica alimenta uma energia vibrante no seu desenvolvimento pessoal atrav\u00e9s do pensamento cr\u00edtico e criativo. Um di\u00e1rio torna vis\u00edvel o invis\u00edvel, transformando ideias soltas em conceitos concretos.<\/p>\n<p>E logo percebemos que o custo de tempo e energia nessas pr\u00e1ticas oferece um retorno tremendo. Por qual motivo n\u00e3o sacrificar alguns minutos do nosso tempo em prol de um ganho t\u00e3o significativo no intelecto? Medir o impacto dessas abordagens \u00e9 t\u00e3o evidente quanto o azul do c\u00e9u em um dia claro. Em pouco tempo, a evolu\u00e7\u00e3o na clareza dos pensamentos e na habilidade de sustentar conversas articuladas serve como um indicador poderoso de progresso. Vamos mais fundo agora e entender como medir esses impactos.<\/p>\n<h2>Medindo o Impacto dos Debates no Desenvolvimento de Pensamento Cr\u00edtico<\/h2>\n<p>Avaliar o impacto dos debates no desenvolvimento do pensamento cr\u00edtico e produtivo \u00e9 uma jornada interior. Podemos come\u00e7ar essa avalia\u00e7\u00e3o observando a qualidade das nossas decis\u00f5es di\u00e1rias. Quando somos capazes de tomar decis\u00f5es mais informadas e estrat\u00e9gicas, sentimos o desenvolvimento do nosso mindset cr\u00edtico palpitar. \u00c0 medida que dominamos o uso de t\u00e9cnicas de argumenta\u00e7\u00e3o, tornamo-nos mais atentos \u00e0s nuances das informa\u00e7\u00f5es e menos suscet\u00edveis \u00e0 propaganda enganosa, algo bem-vindo nos complexos cen\u00e1rios globais de hoje.<\/p>\n<p>Outro indicador claro \u00e9 o aumento da empatia e da escuta ativa em nossas trocas ainda mais cotidianas. Participar de debates nos for\u00e7a a compreender perspectivas diversas, promovendo n\u00e3o apenas um crescimento intelectual, mas tamb\u00e9m emocional. Ver o mundo pelos olhos do outro nos conecta em um n\u00edvel profundo, desenvolvendo nossa habilidade de articular ideias com mais efic\u00e1cia e compaix\u00e3o, caracter\u00edsticas cruciais em qualquer f\u00f3rum de discuss\u00e3o.<\/p>\n<p>Por fim, medir o impacto tamb\u00e9m passa pela an\u00e1lise de como confrontamos desafios antes intimidantes. Ser\u00e1 que agora tomamos decis\u00f5es mais rapidamente? Ouvimos mais antes de falar? Debate ap\u00f3s debate, constru\u00edmos as bases de um racioc\u00ednio mais robusto e variado e, ao mesmo tempo, sens\u00edvel \u00e0s trocas humanas. Com isso, a produtividade flui, como um rio, sem esfor\u00e7o, guia-nos a uma vida mais bem ajustada e cheia de prop\u00f3sitos profundos. E \u00e9 nesse fluxo poderoso que encontramos espa\u00e7o para crescer em todos os aspectos da nossa vida.<\/p>\n<p>&nbsp;<\/p>\n<p>O mundo dos debates \u00e9 uma arena vibrante onde a forma\u00e7\u00e3o de um mindset cr\u00edtico encontra seu campo de batalha ideal. Ao longo deste caminho, a escuta ativa e a arte de argumentar se destacam como ferramentas essenciais para navegar pelos desafios de nossa era moderna. O compromisso de Lucas com seu pr\u00f3prio aperfei\u00e7oamento, investindo tempo e energia em sua rotina e reflex\u00f5es di\u00e1rias, serve como um exemplo claro de como a disciplina pode cultivar n\u00e3o apenas um pensamento mais articulado, mas tamb\u00e9m uma vida mais intencional e informada.<\/p>\n<p>Para aplicar essas li\u00e7\u00f5es em sua vida, visualize os debates como oportunidades de crescimento cont\u00ednuo. No entanto, busque sempre equilibrar o tempo e a energia dedicados, mantendo um registro do progresso atrav\u00e9s de di\u00e1rios e reflex\u00f5es pessoais. No fim, o que realmente transforma n\u00e3o \u00e9 apenas o conhecimento acumulado, mas sim a capacidade de conectar ideias divergentes e utiliz\u00e1-las para um crescimento substancial e significativo. Nunca antes aprendeu-se tanto de forma t\u00e3o interconectada.<\/p>\n<p>Inicie sua jornada no mundo dos debates hoje mesmo. Pegue um caderno, comece a praticar as t\u00e9cnicas sugeridas e veja a transforma\u00e7\u00e3o em sua forma de pensar. Para mais articula\u00e7\u00e3o e insights, continue explorando nossos artigos, e n\u00e3o hesite em se conectar em nossas redes sociais para participar de debates e discuss\u00f5es enriquecedoras.<\/p>\n","protected":false},"excerpt":{"rendered":"<p>Descubra como debates e t\u00e9cnicas de argumenta\u00e7\u00e3o desenvolvem mindset cr\u00edtico, produtividade e pensamento pol\u00edtico com pr\u00e1ticas e escuta ativa.<\/p>\n","protected":false},"author":123457,"featured_media":2211,"comment_status":"closed","ping_status":"closed","sticky":false,"template":"","format":"standard","meta":{"footnotes":""},"categories":[86,278,158],"tags":[755,764,768,767,763,759,758,761,760,769,765,766,756,757,762],"class_list":["post-2210","post","type-post","status-publish","format-standard","has-post-thumbnail","hentry","category-coach","category-comportamento-humano","category-produtividade","tag-debate-e-produtividade","tag-desenvolvimento-pessoal-atraves-de-debates","tag-eficacia-de-tecnicas-de-argumentacao","tag-empatia-em-debates","tag-energia-e-tempo-nos-debates","tag-escuta-ativa-no-debate","tag-formacao-de-opinioes-criticas","tag-indicadores-de-progresso-em-debates","tag-mindset-critico-e-produtivo","tag-mindset-em-cenarios-economicos","tag-pensamento-critico-politico","tag-praticas-de-escuta-ativa","tag-rotina-para-pensamento-critico","tag-tecnicas-de-argumentacao-no-cotidiano","tag-trade-offs-em-debates"],"jetpack_featured_media_url":"https:\/\/marceloj.com\/b\/wp-content\/uploads\/2025\/09\/pessoas-em-sala-de-reuniao-discutindo.jpg","_links":{"self":[{"href":"https:\/\/marceloj.com\/b\/wp-json\/wp\/v2\/posts\/2210","targetHints":{"allow":["GET"]}}],"collection":[{"href":"https:\/\/marceloj.com\/b\/wp-json\/wp\/v2\/posts"}],"about":[{"href":"https:\/\/marceloj.com\/b\/wp-json\/wp\/v2\/types\/post"}],"author":[{"embeddable":true,"href":"https:\/\/marceloj.com\/b\/wp-json\/wp\/v2\/users\/123457"}],"replies":[{"embeddable":true,"href":"https:\/\/marceloj.com\/b\/wp-json\/wp\/v2\/comments?post=2210"}],"version-history":[{"count":1,"href":"https:\/\/marceloj.com\/b\/wp-json\/wp\/v2\/posts\/2210\/revisions"}],"predecessor-version":[{"id":2212,"href":"https:\/\/marceloj.com\/b\/wp-json\/wp\/v2\/posts\/2210\/revisions\/2212"}],"wp:featuredmedia":[{"embeddable":true,"href":"https:\/\/marceloj.com\/b\/wp-json\/wp\/v2\/media\/2211"}],"wp:attachment":[{"href":"https:\/\/marceloj.com\/b\/wp-json\/wp\/v2\/media?parent=2210"}],"wp:term":[{"taxonomy":"category","embeddable":true,"href":"https:\/\/marceloj.com\/b\/wp-json\/wp\/v2\/categories?post=2210"},{"taxonomy":"post_tag","embeddable":true,"href":"https:\/\/marceloj.com\/b\/wp-json\/wp\/v2\/tags?post=2210"}],"curies":[{"name":"wp","href":"https:\/\/api.w.org\/{rel}","templated":true}]}}