{"id":2198,"date":"2025-09-09T14:33:19","date_gmt":"2025-09-09T17:33:19","guid":{"rendered":"https:\/\/marceloj.com\/b\/?p=2198"},"modified":"2025-09-09T14:44:55","modified_gmt":"2025-09-09T17:44:55","slug":"mindfulness-o-segredo-das-mentes-produtivas","status":"publish","type":"post","link":"https:\/\/marceloj.com\/b\/mindfulness-o-segredo-das-mentes-produtivas\/","title":{"rendered":"Mindfulness: O Segredo das Mentes Produtivas"},"content":{"rendered":"<h2>Mindfulness no Empreendedorismo: Uma Nova Era de Produtividade<\/h2>\n<p data-start=\"0\" data-end=\"421\">No aeroporto de Denpasar, um executivo brasileiro ajeita a gravata j\u00e1 amarrotada. Os olhos vermelhos entregam noites mal dormidas. Carrega o celular como se fosse extens\u00e3o da pr\u00f3pria m\u00e3o, vibrando sem tr\u00e9gua. A mente dele parece uma pilha descarregada, funcionando no \u00faltimo fio de energia. Ao olhar pela janela do t\u00e1xi, v\u00ea palmeiras e templos antigos. Tudo em volta grita calma, mas por dentro o fogo j\u00e1 amea\u00e7a apagar.<\/p>\n<p data-start=\"423\" data-end=\"858\">No vilarejo pr\u00f3ximo, um velho artes\u00e3o trabalha a madeira com gestos lentos. Cada golpe de form\u00e3o soa como batida de cora\u00e7\u00e3o em paz. O executivo observa, intrigado. Como algu\u00e9m pode viver em <a href=\"https:\/\/marceloj.com\/b\/como-usar-o-silencio-para-fortalecer-seu-poder-pessoal-e-equilibrio-emocional\/\">sil\u00eancio<\/a> ensurdecedor e, ainda assim, parecer t\u00e3o inteiro? A resposta vem quando o homem sorri e revela que pratica mindfulness todos os dias. O contraste explode na mente do visitante. De um lado, prazos e reuni\u00f5es. Do outro, presen\u00e7a e foco.<\/p>\n<p data-start=\"860\" data-end=\"1299\">Naquela oficina simples, o barulho do mundo parece ficar do lado de fora. O executivo sente que respira de verdade pela primeira vez em semanas. As m\u00e3os do artes\u00e3o criam formas delicadas, e a madeira cede com docilidade. \u00c9 como se cada lasca ca\u00edda fosse um pensamento solto, deixando espa\u00e7o para algo novo. O visitante percebe o abismo entre viver conectado ao presente e sobreviver em piloto autom\u00e1tico. O choque \u00e9 brutal, quase f\u00edsico.<\/p>\n<p data-start=\"1301\" data-end=\"1738\" data-is-last-node=\"\" data-is-only-node=\"\">Ao voltar para o hotel, ele encara o celular sobre a mesa. Pela primeira vez, decide desligar. A chama dentro dele, prestes a apagar, encontra um sopro novo. Entende que produtividade n\u00e3o nasce do excesso, mas do equil\u00edbrio. O artes\u00e3o n\u00e3o esculpe s\u00f3 madeira. Esculpe sil\u00eancio, foco, vida. E o executivo leva consigo uma pergunta que n\u00e3o sai da cabe\u00e7a: at\u00e9 onde vale correr sem parar, se no fim o que mais precisamos \u00e9 aprender a ficar?<\/p>\n<h2>Pontos Chaves<\/h2>\n<ul>\n<li><strong>Foco no presente:<\/strong> Mindfulness aumenta a concentra\u00e7\u00e3o, essencial para empreendedores em ambientes de r\u00e1pidas mudan\u00e7as.<\/li>\n<li><strong>Redu\u00e7\u00e3o do estresse:<\/strong> Com menos tens\u00e3o, a clareza mental melhora, permitindo solu\u00e7\u00f5es criativas.<\/li>\n<li><strong>Comunica\u00e7\u00e3o eficaz:<\/strong> Melhor infraestrutura de comunica\u00e7\u00e3o entre equipes promove a colabora\u00e7\u00e3o e o respeito.<\/li>\n<li><strong>Incorpora\u00e7\u00e3o pr\u00e1tica:<\/strong> Simples pr\u00e1ticas di\u00e1rias, mesmo que breves, podem reequilibrar o dia de qualquer empreendedor.<\/li>\n<li><strong>Gratid\u00e3o e motiva\u00e7\u00e3o:<\/strong> Praticar gratid\u00e3o diariamente ajuda a cultivar um mindset positivo, fomentando sucesso pessoal e nos neg\u00f3cios.<\/li>\n<\/ul>\n<h3>Como o mindfulness pode aumentar a produtividade dos empreendedores?<\/h3>\n<p>Imagine a mente como uma l\u00e2mpada, irradiando luz em v\u00e1rias dire\u00e7\u00f5es. O mindfulness, ao contr\u00e1rio, \u00e9 como um foco de luz concentrado. Ele possibilita que empreendedores foquem suas energias de maneira mais eficiente. Ao praticar mindfulness, eles conseguem estar plenamente presentes, aumentando o n\u00edvel de concentra\u00e7\u00e3o. Os efeitos dessa pr\u00e1tica s\u00e3o not\u00e1veis em momentos de decis\u00f5es cr\u00edticas. N\u00e3o se perdem em <a href=\"https:\/\/marceloj.com\/b\/quantos-pensamentos-voce-tem-diariamente-prepare-se-para-se-surpreender\/\">pensamentos<\/a> dispersos. Conectam-se com o presente, onde a a\u00e7\u00e3o realmente acontece.<\/p>\n<p>A produtividade nasce quando estamos cientes do agora. A consci\u00eancia plena ajuda a identificar o que \u00e9 priorit\u00e1rio. Reduz momentos de procrastina\u00e7\u00e3o. Empreendedores, por natureza, multifacetados, tendem a se dispersar com in\u00fameras tarefas simult\u00e2neas. No entanto, mindfulness atua como um ant\u00eddoto contra essa dispers\u00e3o. Ganha-se tempo ao redirecionar o foco para o que realmente importa.<\/p>\n<p>Al\u00e9m disso, o mindfulness diminui o estresse. Efetivamente, quando as tens\u00f5es diminuem, a clareza mental aumenta. A criatividade floresce em um ambiente livre de press\u00f5es. Empreendedores precisam navegar em mares vol\u00e1teis, e a clareza estabelecida pelo mindfulness se torna uma verdadeira b\u00fassola. Com a mente serena, as solu\u00e7\u00f5es inovadoras emergem com mais naturalidade.<\/p>\n<h3>Quais s\u00e3o os benef\u00edcios do mindfulness no ambiente de trabalho corporativo?<\/h3>\n<p>No ambiente corporativo, onde a corrida contra o rel\u00f3gio \u00e9 constante, o mindfulness se apresenta como uma pausa necess\u00e1ria. Ele proporciona um intervalo para a mente, permitindo respirar em meio ao caos. Colaboradores que praticam mindfulness relatam um aumento na satisfa\u00e7\u00e3o pessoal. Essa pr\u00e1tica reflete diretamente na cultura organizacional, promovendo a harmonia.<\/p>\n<p>A pr\u00e1tica do mindfulness melhora a capacidade de comunica\u00e7\u00e3o entre equipes. N\u00e3o h\u00e1 espa\u00e7o para julgamentos impulsivos. Funcion\u00e1rios se fazem ouvir e, mais importante, ouvem uns aos outros. Nas reuni\u00f5es, prevalece o di\u00e1logo eficaz. Boa comunica\u00e7\u00e3o, por sua vez, alimenta a colabora\u00e7\u00e3o. Equipes integradas movem montanhas.<\/p>\n<p>Reduz-se significativamente os n\u00edveis de ansiedade. Isso evita afastamentos por sa\u00fade mental. A presen\u00e7a de mente plena cria resili\u00eancia nas equipes. Ajustam-se rapidamente \u00e0s mudan\u00e7as e aprendem com os erros. Quando o ambiente \u00e9 calmo e receptivo, os n\u00edveis de inova\u00e7\u00e3o aumentam, contribuindo para o sucesso geral da empresa.<\/p>\n<h3>Como implementar pr\u00e1ticas de mindfulness no dia a dia de um empreendedor?<\/h3>\n<p>Para um empreendedor, o dia a dia \u00e9 agitado, mas incluir o mindfulness pode ser simples. Comece reservando cinco minutos do in\u00edcio do dia para medita\u00e7\u00e3o silenciosa. Encontre um espa\u00e7o tranquilo. Concentre-se na respira\u00e7\u00e3o. Mesmo esse breve trecho de tempo pode mudar a perspectiva do restante do dia. Lentamente, aumente a dura\u00e7\u00e3o conforme se sentir mais confort\u00e1vel.<\/p>\n<p>Implemente pausas mindfulness ao longo do dia. Pequenos intervalos antes de uma reuni\u00e3o ou ap\u00f3s uma tarefa intensa podem reequilibrar energia. Tais pausas n\u00e3o precisam ser longas nem formais. Simplesmente respire fundo, saindo do piloto autom\u00e1tico. Isso ajuda na restaura\u00e7\u00e3o do foco, trazendo a <a href=\"https:\/\/marceloj.com\/b\/a-era-da-dependencia-cognitiva-como-a-inteligencia-artificial-esta-transformando-nosso-aprendizado\/\">aten\u00e7\u00e3o<\/a> sempre para o presente.<\/p>\n<p>Finalmente, pratique a gratid\u00e3o. No final do dia, dedique alguns minutos para refletir sobre tudo que se conquistou. Ao se conectar mais profundamente com a jornada, o empreendedor encontrar\u00e1 motiva\u00e7\u00e3o. Uma mente grata enxerga oportunidades, n\u00e3o obst\u00e1culos. Ao cultivar essa pr\u00e1tica, os frutos nascer\u00e3o n\u00e3o apenas nos empreendimentos, mas na vida como um todo.<\/p>\n<p>A presen\u00e7a plena no momento atual \u00e9 poss\u00edvel para todos e as recompensas s\u00e3o imensas. Incorpore mindfulness no seu cotidiano e observe as transforma\u00e7\u00f5es na forma como interage e reage ao mundo. Para aqueles que buscam continuamente aprimorar seu mindset e desempenho, esta \u00e9 uma pr\u00e1tica a explorar. N\u00e3o perca a oportunidade de descobrir mais sobre essa ferramenta poderosa.<\/p>\n","protected":false},"excerpt":{"rendered":"<p>Descubra como mindfulness, aten\u00e7\u00e3o plena e medita\u00e7\u00e3o aumentam produtividade, motiva\u00e7\u00e3o e bem-estar no empreendedorismo e ambiente corporativo.<\/p>\n","protected":false},"author":123457,"featured_media":2201,"comment_status":"closed","ping_status":"closed","sticky":false,"template":"","format":"standard","meta":{"footnotes":""},"categories":[86,278,435,158],"tags":[737,354,426,302,739,78,683,740,619,506,285,71,347,580,741],"class_list":["post-2198","post","type-post","status-publish","format-standard","has-post-thumbnail","hentry","category-coach","category-comportamento-humano","category-mind-hacks","category-produtividade","tag-atencao-plena","tag-bem-estar","tag-clareza-mental","tag-comunicacao-eficaz","tag-cultura-organizacional","tag-empreendedorismo","tag-gratidao","tag-inovacao","tag-meditacao","tag-mindfulness","tag-motivacao","tag-produtividade","tag-reducao-do-estresse","tag-resiliencia","tag-tarefas-simultaneas"],"jetpack_featured_media_url":"https:\/\/marceloj.com\/b\/wp-content\/uploads\/2025\/09\/homem-mindfullness-empreendedor.jpg","_links":{"self":[{"href":"https:\/\/marceloj.com\/b\/wp-json\/wp\/v2\/posts\/2198","targetHints":{"allow":["GET"]}}],"collection":[{"href":"https:\/\/marceloj.com\/b\/wp-json\/wp\/v2\/posts"}],"about":[{"href":"https:\/\/marceloj.com\/b\/wp-json\/wp\/v2\/types\/post"}],"author":[{"embeddable":true,"href":"https:\/\/marceloj.com\/b\/wp-json\/wp\/v2\/users\/123457"}],"replies":[{"embeddable":true,"href":"https:\/\/marceloj.com\/b\/wp-json\/wp\/v2\/comments?post=2198"}],"version-history":[{"count":3,"href":"https:\/\/marceloj.com\/b\/wp-json\/wp\/v2\/posts\/2198\/revisions"}],"predecessor-version":[{"id":2202,"href":"https:\/\/marceloj.com\/b\/wp-json\/wp\/v2\/posts\/2198\/revisions\/2202"}],"wp:featuredmedia":[{"embeddable":true,"href":"https:\/\/marceloj.com\/b\/wp-json\/wp\/v2\/media\/2201"}],"wp:attachment":[{"href":"https:\/\/marceloj.com\/b\/wp-json\/wp\/v2\/media?parent=2198"}],"wp:term":[{"taxonomy":"category","embeddable":true,"href":"https:\/\/marceloj.com\/b\/wp-json\/wp\/v2\/categories?post=2198"},{"taxonomy":"post_tag","embeddable":true,"href":"https:\/\/marceloj.com\/b\/wp-json\/wp\/v2\/tags?post=2198"}],"curies":[{"name":"wp","href":"https:\/\/api.w.org\/{rel}","templated":true}]}}