{"id":2194,"date":"2025-09-08T19:49:41","date_gmt":"2025-09-08T22:49:41","guid":{"rendered":"https:\/\/marceloj.com\/b\/?p=2194"},"modified":"2025-09-08T19:50:27","modified_gmt":"2025-09-08T22:50:27","slug":"por-que-caminhar-pode-ser-seu-melhor-passeio-cognitivo","status":"publish","type":"post","link":"https:\/\/marceloj.com\/b\/por-que-caminhar-pode-ser-seu-melhor-passeio-cognitivo\/","title":{"rendered":"Por que Caminhar Pode Ser Seu Melhor Passeio Cognitivo"},"content":{"rendered":"<p>Imagine uma hist\u00f3ria onde o c\u00e9rebro se transforma em um artista habilidoso, lapidando suas capacidades e pintando um quadro vibrante de criatividade e resili\u00eancia. Essa n\u00e3o \u00e9 apenas uma mera fantasia, mas uma possibilidade real que as atividades f\u00edsicas podem proporcionar. Quem nunca ouviu falar de algu\u00e9m que, ao adotar uma rotina de exerc\u00edcios, experimentou uma verdadeira revolu\u00e7\u00e3o em sua mente e vida? Nesta narrativa, o corpo \u00e9 o pincel e o movimento \u00e9 a t\u00e9cnica que d\u00e1 vida ao frescor mental. Vamos descobrir esse mist\u00e9rio fascinante juntos?<\/p>\n<h2>Pontos Chaves<\/h2>\n<ul>\n<li><strong>Desempenho Mental Ampliado:<\/strong> Atividades f\u00edsicas regulares melhoram criatividade, <a href=\"https:\/\/marceloj.com\/b\/a-era-da-dependencia-cognitiva-como-a-inteligencia-artificial-esta-transformando-nosso-aprendizado\/\">mem\u00f3ria<\/a> e <a href=\"https:\/\/marceloj.com\/b\/a-era-da-dependencia-cognitiva-como-a-inteligencia-artificial-esta-transformando-nosso-aprendizado\/\">resolu\u00e7\u00e3o de problemas<\/a>.<\/li>\n<li><strong>Alavanca da Neuroplasticidade:<\/strong> Exerc\u00edcios s\u00e3o fundamentais para estimular a capacidade do c\u00e9rebro em formar novas conex\u00f5es.<\/li>\n<li><strong>Hist\u00f3rias Inspiradoras de Supera\u00e7\u00e3o:<\/strong> Casos reais de transforma\u00e7\u00e3o atrav\u00e9s do exerc\u00edcio f\u00edsico.<\/li>\n<li><strong>Dicas Pr\u00e1ticas:<\/strong> Sugest\u00f5es acess\u00edveis para integrar exerc\u00edcios \u00e0 rotina di\u00e1ria com foco em benef\u00edcios neurocognitivos.<\/li>\n<\/ul>\n<h2>Benef\u00edcios das Atividades F\u00edsicas para a Sa\u00fade do C\u00e9rebro<\/h2>\n<p>Mentes \u00e1geis prosperam em corpos em movimento. Os benef\u00edcios das atividades f\u00edsicas n\u00e3o se limitam ao tom muscular ou \u00e0 efici\u00eancia do sistema cardiovascular. Mais do que isso, elas nutrem um dos \u00f3rg\u00e3os mais vitais do corpo: o c\u00e9rebro. Ao adotar a pr\u00e1tica regular de exerc\u00edcios, estamos, na verdade, infundindo vigor em nossa for\u00e7a mental. Movimentar-se reduz o risco de doen\u00e7as neurodegenerativas, eleva o humor e potencializa a habilidade cognitiva. Um c\u00e9rebro bem oxigenado enriquece suas fun\u00e7\u00f5es com maior foco, oferecendo-nos uma vida mais plena e significativa. Mover o corpo \u00e9 criar energia positiva, transformando-a em sa\u00fade mental abundante.<\/p>\n<h2>Neuroplasticidade e Exerc\u00edcios: Como se Relacionam?<\/h2>\n<p>A neuroplasticidade fala de um milagre fascinante do c\u00e9rebro: sua habilidade de se reorganizar e formar novas conex\u00f5es neuronais. Exerc\u00edcios f\u00edsicos s\u00e3o catalisadores poderosos desse fen\u00f4meno. Quando nos exercitamos, estimulamos a produ\u00e7\u00e3o de neurotransmissores que permitem ao c\u00e9rebro se remodelar continuamente. Estas pequenas mudan\u00e7as incrementais na estrutura cerebral oferecem uma grande oportunidade de supera\u00e7\u00e3o. Aumenta nossa capacidade de adapta\u00e7\u00e3o \u00e0s adversidades. Abra\u00e7ar os exerc\u00edcios como parte de nosso cotidiano permite que nos harmonizemos com o nosso eu mais resiliente, ampliando horizontes e incentivando a curiosidade intelectual.<\/p>\n<h2>Hist\u00f3rias de Transforma\u00e7\u00e3o Atrav\u00e9s do Exerc\u00edcio<\/h2>\n<p>Mem\u00f3ria e clareza mental s\u00e3o tesouros que podemos lapidar com a pr\u00e1tica de atividades f\u00edsicas. Um fluxo <a href=\"https:\/\/marceloj.com\/b\/os-4-temperamentos-quais-sao-como-funcionam-e-como-podem-me-ajudar\/\">sangu\u00edneo<\/a> eficiente garante ao c\u00e9rebro a entrega de oxig\u00eanio e nutrientes que avivam a mem\u00f3ria e aprimoram outras fun\u00e7\u00f5es cognitivas. Exerc\u00edcios promovem o crescimento de novas c\u00e9lulas cerebrais no hipocampo, regi\u00e3o fundamental para a mem\u00f3ria e <a href=\"https:\/\/marceloj.com\/b\/a-era-da-dependencia-cognitiva-como-a-inteligencia-artificial-esta-transformando-nosso-aprendizado\/\">aprendizado<\/a>. Mente e corpo conectam-se de maneira harmoniosa. A mem\u00f3ria melhora, a <a href=\"https:\/\/marceloj.com\/b\/a-era-da-dependencia-cognitiva-como-a-inteligencia-artificial-esta-transformando-nosso-aprendizado\/\">aten\u00e7\u00e3o<\/a> torna-se mais agu\u00e7ada e a capacidade de processar informa\u00e7\u00f5es complexas se expande. Incorporar atividade f\u00edsica em nossa rotina nos aproxima das experi\u00eancias plenas que buscamos.<\/p>\n<p>A pr\u00e1tica f\u00edsica regular n\u00e3o \u00e9 apenas um caminho para a sa\u00fade f\u00edsica, mas tamb\u00e9m para a sa\u00fade mental e emocional. Ao entender e aplicar os conceitos discutidos, voc\u00ea abre portas para uma vers\u00e3o mais vibrante de si mesmo. Se esta jornada despertou seu interesse, continue explorando e aprimore suas <a href=\"https:\/\/marceloj.com\/b\/a-era-da-dependencia-cognitiva-como-a-inteligencia-artificial-esta-transformando-nosso-aprendizado\/\">habilidades cognitivas<\/a>. Mais aventuras nos aguardam!<\/p>\n","protected":false},"excerpt":{"rendered":"<p>Pratique atividades f\u00edsicas para melhorar sa\u00fade do c\u00e9rebro, neuroplasticidade, mem\u00f3ria e promover um estilo de vida ativo e saud\u00e1vel.<\/p>\n","protected":false},"author":123457,"featured_media":2140,"comment_status":"closed","ping_status":"closed","sticky":false,"template":"","format":"standard","meta":{"footnotes":""},"categories":[278,127,242,520],"tags":[732,721,713,724,729,338,725,731,723,726,727,728,730,722,343],"class_list":["post-2194","post","type-post","status-publish","format-standard","has-post-thumbnail","hentry","category-comportamento-humano","category-mindset-marceloj","category-neurociencia-e-pnl","category-saude-mental","tag-adaptabilidade","tag-atividades-fisicas","tag-claridade-mental","tag-desenvolvimento-cognitivo","tag-estilo-de-vida-ativo","tag-exercicios-fisicos","tag-memoria","tag-mudanca-de-habito","tag-neuroplasticidade","tag-neurotransmissores","tag-personal-stories","tag-promocao-da-saude","tag-rotina-de-exercicios","tag-saude-do-cerebro","tag-saude-mental"],"jetpack_featured_media_url":"https:\/\/marceloj.com\/b\/wp-content\/uploads\/2025\/02\/mente.jpg","_links":{"self":[{"href":"https:\/\/marceloj.com\/b\/wp-json\/wp\/v2\/posts\/2194","targetHints":{"allow":["GET"]}}],"collection":[{"href":"https:\/\/marceloj.com\/b\/wp-json\/wp\/v2\/posts"}],"about":[{"href":"https:\/\/marceloj.com\/b\/wp-json\/wp\/v2\/types\/post"}],"author":[{"embeddable":true,"href":"https:\/\/marceloj.com\/b\/wp-json\/wp\/v2\/users\/123457"}],"replies":[{"embeddable":true,"href":"https:\/\/marceloj.com\/b\/wp-json\/wp\/v2\/comments?post=2194"}],"version-history":[{"count":2,"href":"https:\/\/marceloj.com\/b\/wp-json\/wp\/v2\/posts\/2194\/revisions"}],"predecessor-version":[{"id":2196,"href":"https:\/\/marceloj.com\/b\/wp-json\/wp\/v2\/posts\/2194\/revisions\/2196"}],"wp:featuredmedia":[{"embeddable":true,"href":"https:\/\/marceloj.com\/b\/wp-json\/wp\/v2\/media\/2140"}],"wp:attachment":[{"href":"https:\/\/marceloj.com\/b\/wp-json\/wp\/v2\/media?parent=2194"}],"wp:term":[{"taxonomy":"category","embeddable":true,"href":"https:\/\/marceloj.com\/b\/wp-json\/wp\/v2\/categories?post=2194"},{"taxonomy":"post_tag","embeddable":true,"href":"https:\/\/marceloj.com\/b\/wp-json\/wp\/v2\/tags?post=2194"}],"curies":[{"name":"wp","href":"https:\/\/api.w.org\/{rel}","templated":true}]}}