{"id":2189,"date":"2025-09-05T19:40:54","date_gmt":"2025-09-05T22:40:54","guid":{"rendered":"https:\/\/marceloj.com\/b\/?p=2189"},"modified":"2025-09-05T19:40:54","modified_gmt":"2025-09-05T22:40:54","slug":"por-que-setembro-amarelo-o-mustang-amarelo-que-moveu-o-mundo","status":"publish","type":"post","link":"https:\/\/marceloj.com\/b\/por-que-setembro-amarelo-o-mustang-amarelo-que-moveu-o-mundo\/","title":{"rendered":"Por que setembro amarelo? O Mustang Amarelo que moveu o mundo"},"content":{"rendered":"<h2>O Mist\u00e9rio de Um Mustang Amarelo<\/h2>\n<p data-start=\"263\" data-end=\"465\">Era um dia comum. Mike Emme pilotava seu Mustang amarelo pelas ruas, aquele carr\u00e3o que todo mundo da cidade conhecia. Generoso, sempre pronto pra dar uma for\u00e7a, parecia ter tudo sob controle. Parecia.\u00a0Naquela noite, a garagem virou palco de <a href=\"https:\/\/marceloj.com\/b\/como-usar-o-silencio-para-fortalecer-seu-poder-pessoal-e-equilibrio-emocional\/\">sil\u00eancio<\/a>. Um grito preso, sem som, ecoou no vazio. \u00c0s 23h45, um bilhete: <em data-start=\"580\" data-end=\"626\">\u201cN\u00e3o se culpe, mam\u00e3e e papai, eu amo voc\u00eas.\u201d<\/em> Sete minutos depois&#8230; tarde demais.\u00a0O carro amarelo brilhava, parado, como se soubesse de algo que ningu\u00e9m mais sabia. \u00cdcone de juventude, liberdade, adrenalina. De repente, virou bandeira de dor. E esperan\u00e7a.\u00a0Da trag\u00e9dia nasceu um movimento que ningu\u00e9m imaginava. Um programa que atravessou fronteiras, salvou vidas, deu voz a quem j\u00e1 n\u00e3o tinha. Porque pedir ajuda n\u00e3o \u00e9 fraqueza. \u00c9 coragem. \u00c9 um ato de sobreviv\u00eancia.\u00a0Mas a pergunta fica martelando: qual a chave pra uma mente blindada? Talvez seja simples. Ou talvez n\u00e3o.<\/p>\n<h4>Pontos Chaves<\/h4>\n<ul>\n<li><strong>Origem e Import\u00e2ncia do Setembro Amarelo:<\/strong> Inspirado por um jovem, o movimento come\u00e7ou com um simples Mustang amarelo.<\/li>\n<li><strong>O Significado da Cor:<\/strong> A cor amarela como um s\u00edmbolo de esperan\u00e7a e preven\u00e7\u00e3o.<\/li>\n<li><strong>Fortalecimento Mental:<\/strong> A mente blindada como uma barreira contra <a href=\"https:\/\/marceloj.com\/b\/quantos-pensamentos-voce-tem-diariamente-prepare-se-para-se-surpreender\/\">pensamentos<\/a> destrutivos.<\/li>\n<li><strong>Pr\u00e1ticas de Autocuidado:<\/strong> Estrat\u00e9gias concretas para fortalecer a sa\u00fade mental e emocional.<\/li>\n<\/ul>\n<h3>Setembro Amarelo: Hist\u00f3ria e Import\u00e2ncia<\/h3>\n<p>A trag\u00e9dia, muitas vezes, gera reflex\u00e3o. Foi a partir de uma hist\u00f3ria de dor e perda que o Setembro Amarelo emergiu. O m\u00eas foi escolhido para conscientizar sobre a preven\u00e7\u00e3o ao suic\u00eddio, nascido do movimento iniciado nos Estados Unidos em 1994. Tudo come\u00e7ou com um jovem chamado Mike Emme, conhecido por seus esfor\u00e7os em ajudar amigos e quem precisasse. Sua vida terminou precocemente, e ele se tornou s\u00edmbolo de alerta para a quest\u00e3o do suic\u00eddio. O carro do rapaz, um Mustang amarelo, inspirou seus entes queridos a iniciar as campanhas de conscientiza\u00e7\u00e3o ligadas a essa cor. O amarelo simboliza esperan\u00e7a. Ilumina a escurid\u00e3o em que muitos se encontram.<\/p>\n<h3>Setembro Amarelo: Um Alerta e Uma Luz<\/h3>\n<p><strong>Por que o setembro amarelo foi criado? <\/strong>A cor amarela, destacada em la\u00e7os e campanhas, ultrapassa o simples simbolismo. Representa a vida que pode ser salva pelo gesto de <a href=\"https:\/\/marceloj.com\/b\/a-era-da-dependencia-cognitiva-como-a-inteligencia-artificial-esta-transformando-nosso-aprendizado\/\">aten\u00e7\u00e3o<\/a> e conversa. Setembro Amarelo coloca em pauta o assunto que muitos evitam. Convida a dialogar abertamente sobre sa\u00fade mental, acolhendo sem julgamentos. As estat\u00edsticas mostram n\u00fameros alarmantes, mas o movimento forma uma rede de apoio. Valoriza-se a ideia de que pequenos gestos podem fazer significativa diferen\u00e7a. A cada ano, renova-se o compromisso de olhar para o outro. Envolver-se. Ouvir.<\/p>\n<h3>Fortalecimento Mental: Um Caminho de Prote\u00e7\u00e3o<\/h3>\n<p>A mente, quando forte, resiste aos ventos mais ferozes. Transformar pensamentos nocivos em encorajamento e autocuidado \u00e9 vital. Pr\u00e1ticas di\u00e1rias, como medita\u00e7\u00e3o e gratid\u00e3o, cultivam a tranquilidade interna. Investir em rela\u00e7\u00f5es genu\u00ednas estabelece um porto seguro emocional. Autoexame tamb\u00e9m \u00e9 essencial; identificar fraquezas e trabalh\u00e1-las. Tornar-se consciente de que pedir ajuda n\u00e3o \u00e9 fraqueza, mas coragem. Conhecer a si mesmo. Nutrir a mente com pensamentos positivos possibilita a constru\u00e7\u00e3o de uma base s\u00f3lida. Abre espa\u00e7o para a felicidade e a leveza de uma vida mais plena. A preven\u00e7\u00e3o come\u00e7a dentro, refletindo no exterior. Essa for\u00e7a se irradia e impacta a todos ao redor.<\/p>\n<h3>Qual significado do setembro amarelo?<\/h3>\n<p>O Setembro Amarelo \u00e9 um lembrete poderoso de que, ao fortalecer nossa mente, nos protegemos e protegemos aqueles que amamos. Tome a\u00e7\u00f5es hoje, converse, compartilhe, e evite que uma luz se apague. Cada pequeno gesto conta. Continue aprendendo e espalhando essa mensagem vital.<\/p>\n<h3 data-start=\"1170\" data-end=\"1214\">Uma vida marcada por gestos de bondade<\/h3>\n<p data-start=\"1215\" data-end=\"1334\">Mike n\u00e3o era apenas o \u201cMustang Mike\u201d. Ele era lembrado por gestos simples que marcaram profundamente quem o conheceu:<\/p>\n<ul data-start=\"1335\" data-end=\"1598\">\n<li data-start=\"1335\" data-end=\"1462\">\n<p data-start=\"1337\" data-end=\"1462\">Ele parou numa estrada deserta para ajudar uma m\u00e3e com dois filhos pequenos, garantindo que chegassem em seguran\u00e7a em casa.<\/p>\n<\/li>\n<li data-start=\"1463\" data-end=\"1598\">\n<p data-start=\"1465\" data-end=\"1598\">Abriu m\u00e3o de comprar uma transmiss\u00e3o nova para o seu carro, a fim de dividir pe\u00e7as com um colega de escola que n\u00e3o tinha condi\u00e7\u00f5es.<\/p>\n<\/li>\n<\/ul>\n<p data-start=\"1600\" data-end=\"1722\">Esses epis\u00f3dios n\u00e3o ficaram esquecidos. Tornaram-se hist\u00f3rias que sustentaram o legado de algu\u00e9m que partiu cedo demais.<\/p>\n<h3 data-start=\"1724\" data-end=\"1756\">O nascimento de um s\u00edmbolo<\/h3>\n<p data-start=\"1757\" data-end=\"1947\">No vel\u00f3rio, adolescentes se perguntavam: <em data-start=\"1798\" data-end=\"1859\">\u201cO que podemos fazer para que ningu\u00e9m mais passe por isso?\u201d<\/em> A m\u00e3e de Mike respondeu: <em data-start=\"1885\" data-end=\"1945\">\u201cSe chegar nesse ponto de dor, pe\u00e7a ajuda. N\u00e3o fa\u00e7a isso.\u201d<\/em><\/p>\n<p data-start=\"1949\" data-end=\"2161\">Dessa fala nasceram cart\u00f5es com mensagens simples e fitas amarelas, em <a href=\"https:\/\/marceloj.com\/b\/a-era-da-dependencia-cognitiva-como-a-inteligencia-artificial-esta-transformando-nosso-aprendizado\/\">mem\u00f3ria<\/a> do Mustang e do amigo que partiu. Ao final da cerim\u00f4nia, 500 cart\u00f5es haviam sido levados \u2014 e assim come\u00e7ou um movimento espont\u00e2neo.<\/p>\n<p data-start=\"2163\" data-end=\"2468\">Tr\u00eas semanas depois, uma professora ligou contando que uma estudante havia entregado um desses cart\u00f5es porque precisava de apoio. A corrente estava funcionando. Aos poucos, milhares de fitas e cart\u00f5es circularam por todo o pa\u00eds, levando a mensagem de que pedir ajuda n\u00e3o \u00e9 fraqueza, \u00e9 um ato de coragem.<\/p>\n<h3 data-start=\"2470\" data-end=\"2509\">O amarelo que ilumina a escurid\u00e3o<\/h3>\n<p data-start=\"2510\" data-end=\"2765\">O amarelo n\u00e3o era apenas a cor do carro de Mike. Tornou-se a cor da lembran\u00e7a, da luz e da esperan\u00e7a. Cada fita carregava um cora\u00e7\u00e3o no centro, lembrando que, embora partidos pela dor, os cora\u00e7\u00f5es sobrevivem e encontram for\u00e7a ao se unirem em comunidade.<\/p>\n<p data-start=\"2767\" data-end=\"2914\">Esse s\u00edmbolo continua at\u00e9 hoje, representando fam\u00edlias, adolescentes e sobreviventes que levantam a voz por aqueles que n\u00e3o conseguem mais falar.<\/p>\n<p>&nbsp;<\/p>\n","protected":false},"excerpt":{"rendered":"<p>Setembro Amarelo destaca preven\u00e7\u00e3o do suic\u00eddio, mente blindada e autocuidado para sa\u00fade mental e resili\u00eancia emocional.<\/p>\n","protected":false},"author":123457,"featured_media":2191,"comment_status":"closed","ping_status":"closed","sticky":false,"template":"","format":"standard","meta":{"footnotes":""},"categories":[706,704],"tags":[717,718,720,716,719,714,715,697,343,521],"class_list":["post-2189","post","type-post","status-publish","format-standard","has-post-thumbnail","hentry","category-autoconhecimento","category-desenvolvimento-pessoal","tag-autocuidado","tag-campanha-de-conscientizacao","tag-dialogo-sobre-saude-mental","tag-esperanca","tag-fortalecimento-psicologico","tag-mente-blindada","tag-prevencao-do-suicidio","tag-resiliencia-emocional","tag-saude-mental","tag-setembro-amarelo"],"jetpack_featured_media_url":"https:\/\/marceloj.com\/b\/wp-content\/uploads\/2025\/09\/coracao-amarelo-setembro-amarelo.jpg","_links":{"self":[{"href":"https:\/\/marceloj.com\/b\/wp-json\/wp\/v2\/posts\/2189","targetHints":{"allow":["GET"]}}],"collection":[{"href":"https:\/\/marceloj.com\/b\/wp-json\/wp\/v2\/posts"}],"about":[{"href":"https:\/\/marceloj.com\/b\/wp-json\/wp\/v2\/types\/post"}],"author":[{"embeddable":true,"href":"https:\/\/marceloj.com\/b\/wp-json\/wp\/v2\/users\/123457"}],"replies":[{"embeddable":true,"href":"https:\/\/marceloj.com\/b\/wp-json\/wp\/v2\/comments?post=2189"}],"version-history":[{"count":2,"href":"https:\/\/marceloj.com\/b\/wp-json\/wp\/v2\/posts\/2189\/revisions"}],"predecessor-version":[{"id":2192,"href":"https:\/\/marceloj.com\/b\/wp-json\/wp\/v2\/posts\/2189\/revisions\/2192"}],"wp:featuredmedia":[{"embeddable":true,"href":"https:\/\/marceloj.com\/b\/wp-json\/wp\/v2\/media\/2191"}],"wp:attachment":[{"href":"https:\/\/marceloj.com\/b\/wp-json\/wp\/v2\/media?parent=2189"}],"wp:term":[{"taxonomy":"category","embeddable":true,"href":"https:\/\/marceloj.com\/b\/wp-json\/wp\/v2\/categories?post=2189"},{"taxonomy":"post_tag","embeddable":true,"href":"https:\/\/marceloj.com\/b\/wp-json\/wp\/v2\/tags?post=2189"}],"curies":[{"name":"wp","href":"https:\/\/api.w.org\/{rel}","templated":true}]}}