{"id":2179,"date":"2025-09-03T17:40:44","date_gmt":"2025-09-03T20:40:44","guid":{"rendered":"https:\/\/marceloj.com\/b\/lideranca-estoica-licoes-de-marco-aurelio-para-uma-vida-moderna\/"},"modified":"2025-09-04T11:41:05","modified_gmt":"2025-09-04T14:41:05","slug":"lideranca-estoica-licoes-de-marco-aurelio-para-uma-vida-moderna","status":"publish","type":"post","link":"https:\/\/marceloj.com\/b\/lideranca-estoica-licoes-de-marco-aurelio-para-uma-vida-moderna\/","title":{"rendered":"Lideran\u00e7a Estoica: Li\u00e7\u00f5es de Marco Aur\u00e9lio Para uma Vida Moderna"},"content":{"rendered":"<p>Certa vez, sob o c\u00e9u estrelado de Roma, um imperador se encontrava em introspec\u00e7\u00e3o silenciosa. Apesar de seu poder, ele buscava dom\u00ednio pr\u00f3prio e entendimento do universo. Este era <a href=\"https:\/\/marceloj.com\/b\/reflexoes-estoicas-de-marco-aurelio-licoes-eternas-de-um-imperador-sobre-vida-e-morte\/\">Marco Aur\u00e9lio<\/a>. Poderia um governante, cercado por opul\u00eancia, viver uma vida de simplicidade? Ele provou que sim. Em meio ao caos da pol\u00edtica e das guerras, as\u00a0<em>Medita\u00e7\u00f5es<\/em> do imperador transformaram-se em um manual intemporal para a vida equilibrada, provando que a verdadeira lideran\u00e7a vem de dentro.<\/p>\n<h3>Pontos Chaves<\/h3>\n<ul>\n<li>Marco Aur\u00e9lio como modelo de liderar e viver atrav\u00e9s do <a href=\"https:\/\/marceloj.com\/b\/como-o-estoicismo-pode-ajudar-voce-a-controlar-suas-emocoes-e-alcancar-o-equilibrio-o-guia-completo\/\">estoicismo<\/a>.<\/li>\n<li>Princ\u00edpios essenciais das <em>Medita\u00e7\u00f5es<\/em> ainda aplic\u00e1veis hoje.<\/li>\n<li>Ensinamentos estoicos focando no autocontrole e resili\u00eancia.<\/li>\n<li>Relev\u00e2ncia do estoicismo na vida moderna e seu papel no desenvolvimento emocional.<\/li>\n<li>Interse\u00e7\u00e3o entre <a href=\"https:\/\/marceloj.com\/b\/quantos-pensamentos-voce-tem-diariamente-prepare-se-para-se-surpreender\/\">pensamentos<\/a> estoicos e Programa\u00e7\u00e3o Neurolingu\u00edstica.<\/li>\n<\/ul>\n<h2>Quem foi Marco Aur\u00e9lio e qual foi seu impacto no estoicismo?<\/h2>\n<p>Marco Aur\u00e9lio, um dos pr\u00edncipes fil\u00f3sofos da hist\u00f3ria, levou o estoicismo das p\u00e1ginas das escolas \u00e0s tribunas do Imp\u00e9rio Romano. Imagine um imperador que em seu cora\u00e7\u00e3o buscava a sabedoria, enquanto comandava com as m\u00e3os firmes de um governante. Sob sua lideran\u00e7a, o Imp\u00e9rio se fortaleceu. Por\u00e9m, mais importante, suas ideias deixaram um legado duradouro. Ele n\u00e3o apenas aplicou os princ\u00edpios estoicos em suas decis\u00f5es como governante, mas tamb\u00e9m imortalizou seus pensamentos em escritos que ecoam at\u00e9 hoje. N\u00e3o pela for\u00e7a, mas pela humildade e compreens\u00e3o do controle das emo\u00e7\u00f5es, Marco Aur\u00e9lio tornou-se um exemplo ic\u00f4nico de um l\u00edder s\u00e1bio.<\/p>\n<p>Ele, que podia ter tudo, escolheu a simplicidade e a reflex\u00e3o. Seu impacto no estoicismo se firmou atrav\u00e9s de suas observa\u00e7\u00f5es sobre a natureza transit\u00f3ria da vida, a insignific\u00e2ncia do ego e a import\u00e2ncia de viver em harmonia com a <a href=\"https:\/\/marceloj.com\/b\/o-problema-de-quem-tem-sempre-razao-porque-ter-duvida-e-um-sinal-de-sabedoria\/\">raz\u00e3o<\/a>. Ao buscar sabedoria no <a href=\"https:\/\/marceloj.com\/b\/como-usar-o-silencio-para-fortalecer-seu-poder-pessoal-e-equilibrio-emocional\/\">sil\u00eancio<\/a> da introspec\u00e7\u00e3o, ele trouxe o estoicismo das sombras \u00e0 luz, fazendo com que gera\u00e7\u00f5es seguintes o enxergassem n\u00e3o apenas como um imperador, mas como um s\u00e1bio pioneiro. Uma viagem de autoconhecimento e aceita\u00e7\u00e3o, onde a serenidade interior \u00e9 o verdadeiro tesouro.<\/p>\n<h3>Quais s\u00e3o os principais ensinamentos das Medita\u00e7\u00f5es de Marco Aur\u00e9lio?<\/h3>\n<p>As &#8220;Medita\u00e7\u00f5es&#8221; de Marco Aur\u00e9lio revelam um homem em busca de paz interior em meio ao caos mundano. Este livro intemporal, uma cole\u00e7\u00e3o de reflex\u00f5es pessoais, continua a inspirar pelo poder de seu conte\u00fado. Nele, Marco Aur\u00e9lio nos lembra da sabedoria em aceitar o que n\u00e3o podemos mudar. Ele enfatiza que a origem da felicidade reside na virtude e que devemos cultiv\u00e1-la. O imperador fil\u00f3sofo nos fala sobre a import\u00e2ncia da autoconsci\u00eancia e de como ela transforma cada desafio em oportunidade de crescimento.<\/p>\n<p>A vida \u00e9 ef\u00eamera. Essa \u00e9 uma das li\u00e7\u00f5es que devem guiar nossos passos. Ele nos mostra que a verdadeira liberdade est\u00e1 em viver de acordo com a pr\u00f3pria natureza e raz\u00e3o, em vez de se deixar consumir pelas emo\u00e7\u00f5es e desejos fugazes. Sua escrita, mesmo t\u00e3o antiga, ainda nos envolve, clamando pela pr\u00e1tica da gratid\u00e3o. As experi\u00eancias di\u00e1rias, boas ou m\u00e1s, moldam nosso car\u00e1ter e conduzem a uma vida plena. Ele n\u00e3o promulga regras imut\u00e1veis, mas sugere caminhos para encontrar a paz interior.<\/p>\n<h3>Como aplicar os princ\u00edpios do estoicismo de Marco Aur\u00e9lio na vida moderna?<\/h3>\n<p>Na era moderna, impera o ru\u00eddo das multitarefas e a ilus\u00e3o do controle total. No entanto, Marco Aur\u00e9lio nos oferece uma sa\u00edda: aceitar a incerteza e encontrar estabilidade na simplicidade. A aplica\u00e7\u00e3o dos princ\u00edpios estoicos come\u00e7a com a tomada de consci\u00eancia de nossos pr\u00f3prios pensamentos. Questione suas emo\u00e7\u00f5es, escolha agir conforme sua pr\u00f3pria raz\u00e3o, n\u00e3o ceda \u00e0 autopiedade. A\u00e7\u00e3o consciente transforma a confus\u00e3o em clareza. A vida moderna precisa, mais do que nunca, de uma \u00e2ncora de tranquilidade.<\/p>\n<p>Ao aplicar o estoicismo, fa\u00e7a o momento presente seu aliado. Quando o mar parecer agitado, lembre-se de que voc\u00ea possui o leme de sua mente. Tente ver os desafios como oportunidades para exercitar a coragem, a justi\u00e7a e a sabedoria. O estoicismo \u00e9 um exerc\u00edcio de resili\u00eancia. Ele n\u00e3o promete eliminar o <a href=\"https:\/\/marceloj.com\/b\/a-elegancia-do-sofrimento-schopenhauer-e-a-arte-de-suportar-a-dor\/\">sofrimento<\/a>, mas ensina a suavizar o impacto. Transforme o <a href=\"https:\/\/marceloj.com\/b\/a-era-da-dependencia-cognitiva-como-a-inteligencia-artificial-esta-transformando-nosso-aprendizado\/\">aprendizado<\/a> em pr\u00e1tica, viva em harmonia com a natureza, e encontre o equil\u00edbrio emocional mesmo no caos urbano.<\/p>\n<p>Com a sabedoria de Marco Aur\u00e9lio, podemos plantar sementes de serenidade. Gire seu foco para o essencial, estabele\u00e7a um prop\u00f3sito claro, e o peso do mundo come\u00e7a a diminuir. Permita-se ser guiado n\u00e3o pelo que a sociedade dita, mas por uma b\u00fassola moral interna. Assim, passo a passo, uma vida mais leve se apresenta. A pr\u00e1tica cont\u00ednua destes princ\u00edpios possibilita uma exist\u00eancia mais significativa e alinhada com a verdadeira natureza humana.<\/p>\n","protected":false},"excerpt":{"rendered":"<p>Descubra lideran\u00e7a, autocontrole e resili\u00eancia com Marco Aur\u00e9lio e o estoicismo para desenvolvimento emocional e prop\u00f3sito na vida moderna.<\/p>\n","protected":false},"author":123457,"featured_media":2182,"comment_status":"closed","ping_status":"closed","sticky":false,"template":"","format":"standard","meta":{"footnotes":""},"categories":[278,550,573],"tags":[695,568,693,552,692,694,578,555,690,248,160,580,691,696,535],"class_list":["post-2179","post","type-post","status-publish","format-standard","has-post-thumbnail","hentry","category-comportamento-humano","category-estoicismo","category-lideranca","tag-aceitacao","tag-autocontrole","tag-desenvolvimento-emocional","tag-estoicismo","tag-filosofia-pratica","tag-introspeccao","tag-lideranca","tag-marco-aurelio","tag-meditacoes","tag-programacao-neurolinguistica","tag-proposito","tag-resiliencia","tag-sabedoria","tag-serenidade","tag-simplicidade"],"jetpack_featured_media_url":"https:\/\/marceloj.com\/b\/wp-content\/uploads\/2025\/09\/marco-aurelio-o-imperador-estoico.jpg","_links":{"self":[{"href":"https:\/\/marceloj.com\/b\/wp-json\/wp\/v2\/posts\/2179","targetHints":{"allow":["GET"]}}],"collection":[{"href":"https:\/\/marceloj.com\/b\/wp-json\/wp\/v2\/posts"}],"about":[{"href":"https:\/\/marceloj.com\/b\/wp-json\/wp\/v2\/types\/post"}],"author":[{"embeddable":true,"href":"https:\/\/marceloj.com\/b\/wp-json\/wp\/v2\/users\/123457"}],"replies":[{"embeddable":true,"href":"https:\/\/marceloj.com\/b\/wp-json\/wp\/v2\/comments?post=2179"}],"version-history":[{"count":3,"href":"https:\/\/marceloj.com\/b\/wp-json\/wp\/v2\/posts\/2179\/revisions"}],"predecessor-version":[{"id":2184,"href":"https:\/\/marceloj.com\/b\/wp-json\/wp\/v2\/posts\/2179\/revisions\/2184"}],"wp:featuredmedia":[{"embeddable":true,"href":"https:\/\/marceloj.com\/b\/wp-json\/wp\/v2\/media\/2182"}],"wp:attachment":[{"href":"https:\/\/marceloj.com\/b\/wp-json\/wp\/v2\/media?parent=2179"}],"wp:term":[{"taxonomy":"category","embeddable":true,"href":"https:\/\/marceloj.com\/b\/wp-json\/wp\/v2\/categories?post=2179"},{"taxonomy":"post_tag","embeddable":true,"href":"https:\/\/marceloj.com\/b\/wp-json\/wp\/v2\/tags?post=2179"}],"curies":[{"name":"wp","href":"https:\/\/api.w.org\/{rel}","templated":true}]}}