{"id":1296,"date":"2020-04-16T11:07:53","date_gmt":"2020-04-16T14:07:53","guid":{"rendered":"https:\/\/marceloj.com\/b\/?p=1296"},"modified":"2020-04-22T16:26:39","modified_gmt":"2020-04-22T19:26:39","slug":"o-que-e-uma-daily-da-metodologia-agil","status":"publish","type":"post","link":"https:\/\/marceloj.com\/b\/o-que-e-uma-daily-da-metodologia-agil\/","title":{"rendered":"O que \u00e9 uma Daily da Metodologia \u00c1gil?"},"content":{"rendered":"<p>Com a evolu\u00e7\u00e3o da tecnologia, e a facilidade das pessoas se conectarem entre elas as pr\u00e1ticas de gest\u00e3o descobriu que todo o gargalo hoje est\u00e1 nas pessoas, no relacionamento e na comunica\u00e7\u00e3o.<\/p>\n<p>A gest\u00e3o de projetos \u00e1geis \u00e9 um conjunto de pr\u00e1ticas que em minha vis\u00e3o est\u00e1 focada em pessoas, e entender o comportamento delas \u00e9 fundamental.<\/p>\n<p>Hoje n\u00e3o adianta mais delegar uma fun\u00e7\u00e3o e esperar que o seu colaborador fa\u00e7a e entregue alguma coisa no final, as pessoas precisam se sentirem parte do time para elas serem produtivas.<\/p>\n<p>Dentro do modelo de gest\u00e3o \u00e1gil, a daily \u00e9 uma ferramenta simples e que podemos trazer para o nosso dia a dia.<\/p>\n<p>Uma daily \u00e9 uma reuni\u00e3o de 15 minutos de dura\u00e7\u00e3o, no escrit\u00f3rio fazemos ela em p\u00e9, para que seja verdadeiramente r\u00e1pida e objetiva, com todos os membros da equipe. A daily n\u00e3o \u00e9 uma reuni\u00e3o de entendimento ou discuss\u00f5es sobre detalhes detalhes de cada tarefa. Uma daily \u00e9 uma reuni\u00e3o de vis\u00e3o, onde todo o time entende o que cada um est\u00e1 fazendo e como as atividades podem estar relacionadas.<\/p>\n<p>Em uma daily, cada participante do projeto deve responder &#8211; o que estava fazendo desde a \u00faltima daily, e o que pretende fazer agora, e se existem impeditivos que possam ser resolvidos.<\/p>\n<p>O gestor da equipe tem como obriga\u00e7\u00e3o resolver os impeditivos para que o time seja eficaz e produtivo.<\/p>\n<p>A ferramenta daily eu recomendo que voc\u00ea adote na sua gest\u00e3o para que seus projetos estejam antenados com as pr\u00e1ticas de gest\u00e3o atual e manter a produtividade das entregas e o engajamento do seu time.<\/p>\n<p>Leia tamb\u00e9m o artigo relacionado<\/p>\n<blockquote class=\"wp-embedded-content\" data-secret=\"StKuDgNes9\"><p><a href=\"https:\/\/marceloj.com\/b\/gestao-de-equipes-remotas-no-home-office-como-gerir-uma-equipe-eficaz-e-produtiva-e-seus-desafios\/\">Gest\u00e3o de Equipes Remotas no Home Office &#8211; Como gerir uma equipe eficaz e produtiva e seus desafios<\/a><\/p><\/blockquote>\n<p><iframe loading=\"lazy\" title=\"&#8220;Gest\u00e3o de Equipes Remotas no Home Office &#8211; Como gerir uma equipe eficaz e produtiva e seus desafios&#8221; &#8212; Marcelo J Bresciani\" class=\"wp-embedded-content\" sandbox=\"allow-scripts\" security=\"restricted\" style=\"position: absolute; clip: rect(1px, 1px, 1px, 1px);\" src=\"https:\/\/marceloj.com\/b\/gestao-de-equipes-remotas-no-home-office-como-gerir-uma-equipe-eficaz-e-produtiva-e-seus-desafios\/embed\/#?secret=StKuDgNes9\" data-secret=\"StKuDgNes9\" width=\"600\" height=\"338\" style=\"border: none\" marginwidth=\"0\" marginheight=\"0\" scrolling=\"no\"><\/iframe><\/p>\n","protected":false},"excerpt":{"rendered":"<p>Com a evolu\u00e7\u00e3o da tecnologia, e a facilidade das pessoas se conectarem entre elas as pr\u00e1ticas de gest\u00e3o descobriu que todo o gargalo hoje est\u00e1 nas pessoas, no relacionamento e na comunica\u00e7\u00e3o. A gest\u00e3o de projetos \u00e1geis \u00e9 um conjunto de pr\u00e1ticas que em minha vis\u00e3o est\u00e1 focada em pessoas, e entender o comportamento delas \u00e9 fundamental. Hoje n\u00e3o adianta [&hellip;]<\/p>\n","protected":false},"author":1,"featured_media":1310,"comment_status":"closed","ping_status":"closed","sticky":false,"template":"","format":"standard","meta":{"footnotes":""},"categories":[214],"tags":[],"class_list":["post-1296","post","type-post","status-publish","format-standard","has-post-thumbnail","hentry","category-gestao-agil"],"jetpack_featured_media_url":"https:\/\/marceloj.com\/b\/wp-content\/uploads\/2020\/04\/work-number-green-color-colorful-pink-604926-pxhere.com-1-scaled.jpg","_links":{"self":[{"href":"https:\/\/marceloj.com\/b\/wp-json\/wp\/v2\/posts\/1296","targetHints":{"allow":["GET"]}}],"collection":[{"href":"https:\/\/marceloj.com\/b\/wp-json\/wp\/v2\/posts"}],"about":[{"href":"https:\/\/marceloj.com\/b\/wp-json\/wp\/v2\/types\/post"}],"author":[{"embeddable":true,"href":"https:\/\/marceloj.com\/b\/wp-json\/wp\/v2\/users\/1"}],"replies":[{"embeddable":true,"href":"https:\/\/marceloj.com\/b\/wp-json\/wp\/v2\/comments?post=1296"}],"version-history":[{"count":4,"href":"https:\/\/marceloj.com\/b\/wp-json\/wp\/v2\/posts\/1296\/revisions"}],"predecessor-version":[{"id":1320,"href":"https:\/\/marceloj.com\/b\/wp-json\/wp\/v2\/posts\/1296\/revisions\/1320"}],"wp:featuredmedia":[{"embeddable":true,"href":"https:\/\/marceloj.com\/b\/wp-json\/wp\/v2\/media\/1310"}],"wp:attachment":[{"href":"https:\/\/marceloj.com\/b\/wp-json\/wp\/v2\/media?parent=1296"}],"wp:term":[{"taxonomy":"category","embeddable":true,"href":"https:\/\/marceloj.com\/b\/wp-json\/wp\/v2\/categories?post=1296"},{"taxonomy":"post_tag","embeddable":true,"href":"https:\/\/marceloj.com\/b\/wp-json\/wp\/v2\/tags?post=1296"}],"curies":[{"name":"wp","href":"https:\/\/api.w.org\/{rel}","templated":true}]}}