{"id":1094,"date":"2019-08-26T18:09:46","date_gmt":"2019-08-26T21:09:46","guid":{"rendered":"https:\/\/marceloj.com\/b\/?p=1094"},"modified":"2019-08-26T18:09:46","modified_gmt":"2019-08-26T21:09:46","slug":"por-que-acumular-conhecimento-e-uma-ma-ideia","status":"publish","type":"post","link":"https:\/\/marceloj.com\/b\/por-que-acumular-conhecimento-e-uma-ma-ideia\/","title":{"rendered":"Por que acumular conhecimento \u00e9 uma m\u00e1 ideia?"},"content":{"rendered":"<p>Eu vi um cara fazendo um post ao lado de uma pilha de livros. Algumas pessoas se dizem devoradores de livros compulsivos.<\/p>\n<p>Estive pensando se vale mesmo ler tudo isso<\/p>\n<p>Esta pessoa que publicou a pilha de livros \u00e9 um dos meus contatos, e ele mostrou quase um metro e meio de livros empilhados, do tamanho de uma crian\u00e7a grandinha, e mais uma caixa da Amazon que tinha acabado de chegar. Eram livros diferentes, de diversos assuntos voltados para neg\u00f3cios e coach.<\/p>\n<p>Ele ainda falou como \u00e9 importante ter conhecimento. Como \u00e9 importante adquirir e guardar conhecimento.<\/p>\n<p>Mas tudo tem um certo limite.<\/p>\n<p>Eu gosto de livros, mas fico me perguntando o seguinte. O que faz uma pessoa com todo aquele conhecimento da pilha de livros?<\/p>\n<p>\u00c9 um acumulador de Informa\u00e7\u00f5es!<\/p>\n<p>Lembrei daquela s\u00e9rie que passa no canal History, onde um gordinho e um magricelo percorrem cidades dos estados unidos em um furg\u00e3o em busca de pessoas que acumulam coisas velhas em galp\u00f5es e celeiros. A s\u00e9rie se chama Ca\u00e7adores de Rel\u00edquias e v\u00e3o em busca de pessoas que s\u00e3o acumuladores. Eles guardam o mundo inteiro e que vira a maior bagun\u00e7a.<\/p>\n<p>S\u00e3o tantas coisas acumuladas, mas para mim s\u00e3o apenas lixo. Estas pessoas s\u00e3o acumuladores compulsivos, que guardam tudo o que v\u00eam pela frente. Eles at\u00e9 compram aquelas coisas para acumular.<\/p>\n<p>N\u00e3o \u00e9 como um hobby de colecionar coisas, a cole\u00e7\u00e3o sai do controle e vira compuls\u00e3o, e a pessoa nem tem tempo de usufruir daquilo que tem.<\/p>\n<p>O mesmo acontece com os <strong>acumuladores de conhecimento<\/strong><\/p>\n<p><img loading=\"lazy\" decoding=\"async\" class=\"alignright wp-image-1097\" src=\"https:\/\/marceloj.com\/b\/wp-content\/uploads\/2019\/08\/acumuladores-sr-na-bagunca.jpg\" alt=\"\" width=\"501\" height=\"313\" srcset=\"https:\/\/marceloj.com\/b\/wp-content\/uploads\/2019\/08\/acumuladores-sr-na-bagunca.jpg 696w, https:\/\/marceloj.com\/b\/wp-content\/uploads\/2019\/08\/acumuladores-sr-na-bagunca-300x188.jpg 300w, https:\/\/marceloj.com\/b\/wp-content\/uploads\/2019\/08\/acumuladores-sr-na-bagunca-672x420.jpg 672w, https:\/\/marceloj.com\/b\/wp-content\/uploads\/2019\/08\/acumuladores-sr-na-bagunca-480x300.jpg 480w\" sizes=\"auto, (max-width: 501px) 100vw, 501px\" \/>Para mim o conhecimento tem que ter uma aplica\u00e7\u00e3o pr\u00e1tica. Aquilo que voc\u00ea aprendeu precisa ser para fazer alguma coisa, e se n\u00e3o servir nem deve ser adquirido.<\/p>\n<p>Eu tenho uma regra, e fa\u00e7o o seguinte. Aquilo que eu aprendi logo em seguida crio um plano ou passo-a-passo para colocar em pr\u00e1tica. Um conhecimento precisa ser aplicado.<\/p>\n<p>Voc\u00ea precisa ter este conceito antes de adquirir um novo conhecimento. Vai ser \u00fatil e vou poder usar? Ent\u00e3o venha! Ou vai ser mais uma coisa para eu colocar no quartinho da bagun\u00e7a, n\u00e3o perca o seu tempo.<\/p>\n<p>Voc\u00ea precisa saber tirar proveito daquilo que tem.<\/p>\n<p>As pessoas est\u00e3o buscando solu\u00e7\u00f5es complexas, para coisas que devem e em geral s\u00e3o simples. Voc\u00ea n\u00e3o precisa de mais conhecimento, voc\u00ea precisa de disciplina para colocar em pr\u00e1tica aquilo que sabe.<\/p>\n<p>\u00c9 t\u00e3o simples assim.<\/p>\n<p>Quer um exemplo?<\/p>\n<p>Se voc\u00ea aprendeu Marketing Digital, a base \u00e9 a cria\u00e7\u00e3o de conte\u00fado, e se o seu conte\u00fado n\u00e3o est\u00e1 atraindo pessoas \u00e9 porque o seu conte\u00fado ainda n\u00e3o est\u00e1 bom. N\u00e3o adianta aprender mais uma t\u00e9cnica para distribuir um conte\u00fado ruim. Voc\u00ea precisa saber como produzir um conte\u00fado bom, e ent\u00e3o o p\u00fablico vem at\u00e9 voc\u00ea.<\/p>\n<p>A simplicidade est\u00e1 em entender o que as pessoas querem.<\/p>\n<p>\u00c9 muito mais neg\u00f3cio voc\u00ea aprender como fazer um arroz com feij\u00e3o saboroso, que fazer um prato todo Gourmetizado e sem gosto. Outra vez eu comi uma feijoada Gourmet, toda cheia de frescuras e com gosto de papel amassado.<\/p>\n<p>O arroz com feij\u00e3o saboroso voc\u00ea faz entendendo como usar os ingredientes que voc\u00ea j\u00e1 tem, a quantidade certa de cada coisa, a combina\u00e7\u00e3o entre alho, cebola e sal. Fazer um feij\u00e3o bem temperado com lingui\u00e7a calabresa e bacon. At\u00e9 podemos dispensar a mistura com um arroz com feij\u00e3o bem temperado.<\/p>\n<p>N\u00e3o vai adiantar comprar mais livros, voc\u00ea precisa aprender usar aquilo que tem em m\u00e3os, antes de partir para mais conhecimento.<\/p>\n<p>No meu treinamento eu ensino como fazer Marketing Digital com <strong>Whatsapp<\/strong>, <strong>Intagram<\/strong> e uma conta no <strong>Facebook<\/strong>. Voc\u00ea n\u00e3o precisa nada al\u00e9m disso para faturar cem mil reais.<\/p>\n<p>O caminho est\u00e1 na simplicidade.<\/p>\n","protected":false},"excerpt":{"rendered":"<p>Esta ideia \u00e9 para aquelas pessoas que tem o h\u00e1bito de acumular conhecimento.<\/p>\n","protected":false},"author":1,"featured_media":1095,"comment_status":"closed","ping_status":"closed","sticky":false,"template":"","format":"standard","meta":{"footnotes":""},"categories":[124,76,37,81],"tags":[125,78,68,82,98,55,126],"class_list":["post-1094","post","type-post","status-publish","format-standard","has-post-thumbnail","hentry","category-carreira","category-empreendedorismo","category-empreendedorismo-online","category-marketing-2","tag-conhecimento","tag-empreendedorismo","tag-felicidade","tag-marketing","tag-marketing-digital","tag-mindset","tag-pilha-de-livros"],"jetpack_featured_media_url":"https:\/\/marceloj.com\/b\/wp-content\/uploads\/2019\/08\/pilha-de-livros.jpg","_links":{"self":[{"href":"https:\/\/marceloj.com\/b\/wp-json\/wp\/v2\/posts\/1094","targetHints":{"allow":["GET"]}}],"collection":[{"href":"https:\/\/marceloj.com\/b\/wp-json\/wp\/v2\/posts"}],"about":[{"href":"https:\/\/marceloj.com\/b\/wp-json\/wp\/v2\/types\/post"}],"author":[{"embeddable":true,"href":"https:\/\/marceloj.com\/b\/wp-json\/wp\/v2\/users\/1"}],"replies":[{"embeddable":true,"href":"https:\/\/marceloj.com\/b\/wp-json\/wp\/v2\/comments?post=1094"}],"version-history":[{"count":3,"href":"https:\/\/marceloj.com\/b\/wp-json\/wp\/v2\/posts\/1094\/revisions"}],"predecessor-version":[{"id":1099,"href":"https:\/\/marceloj.com\/b\/wp-json\/wp\/v2\/posts\/1094\/revisions\/1099"}],"wp:featuredmedia":[{"embeddable":true,"href":"https:\/\/marceloj.com\/b\/wp-json\/wp\/v2\/media\/1095"}],"wp:attachment":[{"href":"https:\/\/marceloj.com\/b\/wp-json\/wp\/v2\/media?parent=1094"}],"wp:term":[{"taxonomy":"category","embeddable":true,"href":"https:\/\/marceloj.com\/b\/wp-json\/wp\/v2\/categories?post=1094"},{"taxonomy":"post_tag","embeddable":true,"href":"https:\/\/marceloj.com\/b\/wp-json\/wp\/v2\/tags?post=1094"}],"curies":[{"name":"wp","href":"https:\/\/api.w.org\/{rel}","templated":true}]}}