{"id":1026,"date":"2019-06-06T21:24:42","date_gmt":"2019-06-07T00:24:42","guid":{"rendered":"https:\/\/marceloj.com\/b\/?p=1026"},"modified":"2020-11-03T10:19:37","modified_gmt":"2020-11-03T13:19:37","slug":"o-video-publicado-pelo-neymar-entenda-porque-foi-ruim-048","status":"publish","type":"post","link":"https:\/\/marceloj.com\/b\/o-video-publicado-pelo-neymar-entenda-porque-foi-ruim-048\/","title":{"rendered":"O v\u00eddeo publicado pelo Neymar &#8211; entenda porque foi ruim #048"},"content":{"rendered":"<p>O ultimo caso do Neymar Junior est\u00e1 dando o que falar. Tudo indica que ele caiu em uma cilada mas fez exatamente o que n\u00e3o se deve fazer com uma mulher.<\/p>\n<p>O fato \u00e9 que a cada a\u00e7\u00e3o depois da primeira besteira, tudo foi piorando. Os v\u00eddeos, publica\u00e7\u00f5es, declara\u00e7\u00f5es&#8230; tudo&#8230;. tudo fez o caso virar um esc\u00e2ndalo e que pode comprometer a carreira do jogador.<\/p>\n<p>Mas o Neymar cometeu um crime de Internet declarado por ele mesmo. Entenda o que voc\u00ea deve evitar para n\u00e3o fazer como o Neymar e usar a Internet de maneira correta e dentro da lei.<\/p>\n<div class=\"powerpress_player\" id=\"powerpress_player_1383\"><a href=\"https:\/\/media.blubrry.com\/marceloj\/marceloj.com\/podcasts\/o-novo-mindset\/E048-caso-neymar-crimes-de-internet.mp3\" title=\"Play\" onclick=\"return powerpress_embed_html5a('1383','https:\/\/media.blubrry.com\/marceloj\/marceloj.com\/podcasts\/o-novo-mindset\/E048-caso-neymar-crimes-de-internet.mp3');\" target=\"_blank\"><img decoding=\"async\" src=\"https:\/\/marceloj.com\/b\/wp-content\/uploads\/powerpress\/play-button-marceloj.jpg\" title=\"Play\" alt=\"Play\" style=\"border:0;\" \/><\/a><\/div>\n<p class=\"powerpress_links powerpress_links_mp3\" style=\"margin-bottom: 1px !important;\">Podcast: <a href=\"https:\/\/media.blubrry.com\/marceloj\/marceloj.com\/podcasts\/o-novo-mindset\/E048-caso-neymar-crimes-de-internet.mp3\" class=\"powerpress_link_pinw\" target=\"_blank\" title=\"Play in new window\" onclick=\"return powerpress_pinw('https:\/\/marceloj.com\/b\/?powerpress_pinw=1026-podcast');\" rel=\"nofollow\">Play in new window<\/a> | <a href=\"https:\/\/media.blubrry.com\/marceloj\/marceloj.com\/podcasts\/o-novo-mindset\/E048-caso-neymar-crimes-de-internet.mp3\" class=\"powerpress_link_d\" title=\"Download\" rel=\"nofollow\" download=\"E048-caso-neymar-crimes-de-internet.mp3\">Download<\/a><\/p><p class=\"powerpress_links powerpress_subscribe_links\">Subscribe: <a href=\"https:\/\/marceloj.com\/b\/feed\/podcast\/\" class=\"powerpress_link_subscribe powerpress_link_subscribe_rss\" target=\"_blank\" title=\"Subscribe via RSS\" rel=\"nofollow\">RSS<\/a> | <a href=\"https:\/\/marceloj.com\/b\/assine-o-podcast\/\" class=\"powerpress_link_subscribe powerpress_link_subscribe_more\" target=\"_blank\" title=\"Assine o Podcast\" rel=\"nofollow\">Assine o Podcast<\/a><\/p><!--powerpress_player-->","protected":false},"excerpt":{"rendered":"<p>O ultimo caso do Neymar Junior est\u00e1 dando o que falar. Entenda o que voc\u00ea deve evitar para n\u00e3o fazer como o Neymar e usar a Internet de maneira correta e dentro da lei.<\/p>\n<div class=\"powerpress_player\" id=\"powerpress_player_1384\"><a href=\"https:\/\/media.blubrry.com\/marceloj\/marceloj.com\/podcasts\/o-novo-mindset\/E048-caso-neymar-crimes-de-internet.mp3\" title=\"Play\" onclick=\"return powerpress_embed_html5a('1384','https:\/\/media.blubrry.com\/marceloj\/marceloj.com\/podcasts\/o-novo-mindset\/E048-caso-neymar-crimes-de-internet.mp3');\" target=\"_blank\"><img decoding=\"async\" src=\"https:\/\/marceloj.com\/b\/wp-content\/uploads\/powerpress\/play-button-marceloj.jpg\" title=\"Play\" alt=\"Play\" style=\"border:0;\" \/><\/a><\/div>\n<p class=\"powerpress_links powerpress_links_mp3\" style=\"margin-bottom: 1px !important;\">Podcast: <a href=\"https:\/\/media.blubrry.com\/marceloj\/marceloj.com\/podcasts\/o-novo-mindset\/E048-caso-neymar-crimes-de-internet.mp3\" class=\"powerpress_link_pinw\" target=\"_blank\" title=\"Play in new window\" onclick=\"return powerpress_pinw('https:\/\/marceloj.com\/b\/?powerpress_pinw=1026-podcast');\" rel=\"nofollow\">Play in new window<\/a> | <a href=\"https:\/\/media.blubrry.com\/marceloj\/marceloj.com\/podcasts\/o-novo-mindset\/E048-caso-neymar-crimes-de-internet.mp3\" class=\"powerpress_link_d\" title=\"Download\" rel=\"nofollow\" download=\"E048-caso-neymar-crimes-de-internet.mp3\">Download<\/a><\/p><p class=\"powerpress_links powerpress_subscribe_links\">Subscribe: <a href=\"https:\/\/marceloj.com\/b\/feed\/podcast\/\" class=\"powerpress_link_subscribe powerpress_link_subscribe_rss\" target=\"_blank\" title=\"Subscribe via RSS\" rel=\"nofollow\">RSS<\/a> | <a href=\"https:\/\/marceloj.com\/b\/assine-o-podcast\/\" class=\"powerpress_link_subscribe powerpress_link_subscribe_more\" target=\"_blank\" title=\"Assine o Podcast\" rel=\"nofollow\">Assine o Podcast<\/a><\/p><!--powerpress_player-->","protected":false},"author":1,"featured_media":740,"comment_status":"closed","ping_status":"closed","sticky":false,"template":"","format":"standard","meta":{"footnotes":""},"categories":[46,39],"tags":[],"class_list":["post-1026","post","type-post","status-publish","format-standard","has-post-thumbnail","hentry","category-pessoas","category-podcasts"],"jetpack_featured_media_url":"https:\/\/marceloj.com\/b\/wp-content\/uploads\/2018\/12\/CapaPodCastNoticias.jpg","_links":{"self":[{"href":"https:\/\/marceloj.com\/b\/wp-json\/wp\/v2\/posts\/1026","targetHints":{"allow":["GET"]}}],"collection":[{"href":"https:\/\/marceloj.com\/b\/wp-json\/wp\/v2\/posts"}],"about":[{"href":"https:\/\/marceloj.com\/b\/wp-json\/wp\/v2\/types\/post"}],"author":[{"embeddable":true,"href":"https:\/\/marceloj.com\/b\/wp-json\/wp\/v2\/users\/1"}],"replies":[{"embeddable":true,"href":"https:\/\/marceloj.com\/b\/wp-json\/wp\/v2\/comments?post=1026"}],"version-history":[{"count":2,"href":"https:\/\/marceloj.com\/b\/wp-json\/wp\/v2\/posts\/1026\/revisions"}],"predecessor-version":[{"id":1028,"href":"https:\/\/marceloj.com\/b\/wp-json\/wp\/v2\/posts\/1026\/revisions\/1028"}],"wp:featuredmedia":[{"embeddable":true,"href":"https:\/\/marceloj.com\/b\/wp-json\/wp\/v2\/media\/740"}],"wp:attachment":[{"href":"https:\/\/marceloj.com\/b\/wp-json\/wp\/v2\/media?parent=1026"}],"wp:term":[{"taxonomy":"category","embeddable":true,"href":"https:\/\/marceloj.com\/b\/wp-json\/wp\/v2\/categories?post=1026"},{"taxonomy":"post_tag","embeddable":true,"href":"https:\/\/marceloj.com\/b\/wp-json\/wp\/v2\/tags?post=1026"}],"curies":[{"name":"wp","href":"https:\/\/api.w.org\/{rel}","templated":true}]}}