{"id":1009,"date":"2019-06-05T18:17:02","date_gmt":"2019-06-05T21:17:02","guid":{"rendered":"https:\/\/marceloj.com\/b\/?p=1009"},"modified":"2020-11-03T10:23:02","modified_gmt":"2020-11-03T13:23:02","slug":"o-que-voce-nao-deve-fazer-para-ficar-em-uma-empresa-046","status":"publish","type":"post","link":"https:\/\/marceloj.com\/b\/o-que-voce-nao-deve-fazer-para-ficar-em-uma-empresa-046\/","title":{"rendered":"O que voc\u00ea N\u00c3O deve fazer para ficar em uma empresa #046"},"content":{"rendered":"<p>Esta \u00e9 aquela dica do que voc\u00ea N\u00c3O deve fazer para ficar em uma empresa. Muitas pessoas tem medo de serem demitidas, e por este motivo fazem qualquer coisa. Mas se voc\u00ea fizer isso, vai se parecer com um rato.<\/p>\n<p>Neste podcast voc\u00ea vai ver uma sacada do mundo corporativo, e como voc\u00ea pode se tornar mais produtivo.<\/p>\n<div class=\"powerpress_player\" id=\"powerpress_player_9590\"><a href=\"https:\/\/media.blubrry.com\/marceloj\/marceloj.com\/podcasts\/o-novo-mindset\/E046-pessoas-escondidas-nas-empresas.mp3\" title=\"Play\" onclick=\"return powerpress_embed_html5a('9590','https:\/\/media.blubrry.com\/marceloj\/marceloj.com\/podcasts\/o-novo-mindset\/E046-pessoas-escondidas-nas-empresas.mp3');\" target=\"_blank\"><img decoding=\"async\" src=\"https:\/\/marceloj.com\/b\/wp-content\/uploads\/powerpress\/play-button-marceloj.jpg\" title=\"Play\" alt=\"Play\" style=\"border:0;\" \/><\/a><\/div>\n<p class=\"powerpress_links powerpress_links_mp3\" style=\"margin-bottom: 1px !important;\">Podcast: <a href=\"https:\/\/media.blubrry.com\/marceloj\/marceloj.com\/podcasts\/o-novo-mindset\/E046-pessoas-escondidas-nas-empresas.mp3\" class=\"powerpress_link_pinw\" target=\"_blank\" title=\"Play in new window\" onclick=\"return powerpress_pinw('https:\/\/marceloj.com\/b\/?powerpress_pinw=1009-podcast');\" rel=\"nofollow\">Play in new window<\/a> | <a href=\"https:\/\/media.blubrry.com\/marceloj\/marceloj.com\/podcasts\/o-novo-mindset\/E046-pessoas-escondidas-nas-empresas.mp3\" class=\"powerpress_link_d\" title=\"Download\" rel=\"nofollow\" download=\"E046-pessoas-escondidas-nas-empresas.mp3\">Download<\/a><\/p><p class=\"powerpress_links powerpress_subscribe_links\">Subscribe: <a href=\"https:\/\/marceloj.com\/b\/feed\/podcast\/\" class=\"powerpress_link_subscribe powerpress_link_subscribe_rss\" target=\"_blank\" title=\"Subscribe via RSS\" rel=\"nofollow\">RSS<\/a> | <a href=\"https:\/\/marceloj.com\/b\/assine-o-podcast\/\" class=\"powerpress_link_subscribe powerpress_link_subscribe_more\" target=\"_blank\" title=\"Assine o Podcast\" rel=\"nofollow\">Assine o Podcast<\/a><\/p><!--powerpress_player-->","protected":false},"excerpt":{"rendered":"<p>Esta \u00e9 aquela dica do que voc\u00ea N\u00c3O deve fazer para ficar em uma empresa. Muitas pessoas tem medo de serem demitidas, e por este motivo fazem qualquer coisa. Mas se voc\u00ea fizer isso, vai se parecer com um rato.<\/p>\n<div class=\"powerpress_player\" id=\"powerpress_player_9591\"><a href=\"https:\/\/media.blubrry.com\/marceloj\/marceloj.com\/podcasts\/o-novo-mindset\/E046-pessoas-escondidas-nas-empresas.mp3\" title=\"Play\" onclick=\"return powerpress_embed_html5a('9591','https:\/\/media.blubrry.com\/marceloj\/marceloj.com\/podcasts\/o-novo-mindset\/E046-pessoas-escondidas-nas-empresas.mp3');\" target=\"_blank\"><img decoding=\"async\" src=\"https:\/\/marceloj.com\/b\/wp-content\/uploads\/powerpress\/play-button-marceloj.jpg\" title=\"Play\" alt=\"Play\" style=\"border:0;\" \/><\/a><\/div>\n<p class=\"powerpress_links powerpress_links_mp3\" style=\"margin-bottom: 1px !important;\">Podcast: <a href=\"https:\/\/media.blubrry.com\/marceloj\/marceloj.com\/podcasts\/o-novo-mindset\/E046-pessoas-escondidas-nas-empresas.mp3\" class=\"powerpress_link_pinw\" target=\"_blank\" title=\"Play in new window\" onclick=\"return powerpress_pinw('https:\/\/marceloj.com\/b\/?powerpress_pinw=1009-podcast');\" rel=\"nofollow\">Play in new window<\/a> | <a href=\"https:\/\/media.blubrry.com\/marceloj\/marceloj.com\/podcasts\/o-novo-mindset\/E046-pessoas-escondidas-nas-empresas.mp3\" class=\"powerpress_link_d\" title=\"Download\" rel=\"nofollow\" download=\"E046-pessoas-escondidas-nas-empresas.mp3\">Download<\/a><\/p><p class=\"powerpress_links powerpress_subscribe_links\">Subscribe: <a href=\"https:\/\/marceloj.com\/b\/feed\/podcast\/\" class=\"powerpress_link_subscribe powerpress_link_subscribe_rss\" target=\"_blank\" title=\"Subscribe via RSS\" rel=\"nofollow\">RSS<\/a> | <a href=\"https:\/\/marceloj.com\/b\/assine-o-podcast\/\" class=\"powerpress_link_subscribe powerpress_link_subscribe_more\" target=\"_blank\" title=\"Assine o Podcast\" rel=\"nofollow\">Assine o Podcast<\/a><\/p><!--powerpress_player-->","protected":false},"author":1,"featured_media":740,"comment_status":"closed","ping_status":"closed","sticky":false,"template":"","format":"standard","meta":{"footnotes":""},"categories":[39,42],"tags":[],"class_list":["post-1009","post","type-post","status-publish","format-standard","has-post-thumbnail","hentry","category-podcasts","category-trabalho"],"jetpack_featured_media_url":"https:\/\/marceloj.com\/b\/wp-content\/uploads\/2018\/12\/CapaPodCastNoticias.jpg","_links":{"self":[{"href":"https:\/\/marceloj.com\/b\/wp-json\/wp\/v2\/posts\/1009","targetHints":{"allow":["GET"]}}],"collection":[{"href":"https:\/\/marceloj.com\/b\/wp-json\/wp\/v2\/posts"}],"about":[{"href":"https:\/\/marceloj.com\/b\/wp-json\/wp\/v2\/types\/post"}],"author":[{"embeddable":true,"href":"https:\/\/marceloj.com\/b\/wp-json\/wp\/v2\/users\/1"}],"replies":[{"embeddable":true,"href":"https:\/\/marceloj.com\/b\/wp-json\/wp\/v2\/comments?post=1009"}],"version-history":[{"count":2,"href":"https:\/\/marceloj.com\/b\/wp-json\/wp\/v2\/posts\/1009\/revisions"}],"predecessor-version":[{"id":1023,"href":"https:\/\/marceloj.com\/b\/wp-json\/wp\/v2\/posts\/1009\/revisions\/1023"}],"wp:featuredmedia":[{"embeddable":true,"href":"https:\/\/marceloj.com\/b\/wp-json\/wp\/v2\/media\/740"}],"wp:attachment":[{"href":"https:\/\/marceloj.com\/b\/wp-json\/wp\/v2\/media?parent=1009"}],"wp:term":[{"taxonomy":"category","embeddable":true,"href":"https:\/\/marceloj.com\/b\/wp-json\/wp\/v2\/categories?post=1009"},{"taxonomy":"post_tag","embeddable":true,"href":"https:\/\/marceloj.com\/b\/wp-json\/wp\/v2\/tags?post=1009"}],"curies":[{"name":"wp","href":"https:\/\/api.w.org\/{rel}","templated":true}]}}